{"id":126275,"date":"2026-01-21T20:59:50","date_gmt":"2026-01-21T23:59:50","guid":{"rendered":"https:\/\/blogdoedvaldomagalhaes.com.br\/?p=126275"},"modified":"2026-01-21T21:07:49","modified_gmt":"2026-01-22T00:07:49","slug":"delegacia-da-receita-federal-de-caruaru-tem-novo-titular","status":"publish","type":"post","link":"https:\/\/blogdoedvaldomagalhaes.com.br\/index.php\/2026\/01\/21\/delegacia-da-receita-federal-de-caruaru-tem-novo-titular\/","title":{"rendered":"Delegacia da Receita Federal de Caruaru tem novo titular"},"content":{"rendered":"<p>Na segunda-feira (19.01), o Auditor-Fiscal Artur Henrique Campos Peres tomou posse na Superintend\u00eancia da Receita Federal na 4\u00aa Regi\u00e3o Fiscal, no Recife, como titular da Delegacia da Receita Federal de Caruaru (DRF\/Caruaru). Participaram da posse a Superintendente da 4\u00aa Regi\u00e3o Fiscal, a Auditora-Fiscal Myrelle Miranda, a Delegada da Receita Federal do Recife, a Auditora-Fiscal Helo\u00edsa Baltar de Moraes, e o Superintendente-adjunto da 4\u00aa RF, o Auditor-Fiscal Carlos Eduardo da Costa Oliveira.  <\/p>\n<p>O novo Delegado da DRF\/Caruaru agradeceu o entrosamento e parceria com a Superintend\u00eancia da 4\u00aa Regi\u00e3o Fiscal e citou que pretende desenvolver projetos estrat\u00e9gicos \u00e0 frente da Delegacia e que envolvam o crescimento do Agreste e regi\u00e3o.  A Superintendente Myrelle Miranda destacou o esp\u00edrito engajado e inovador de Artur Campos, que atua desde abril de 2024 como Delegado-adjunto na Delegacia da Receita de Caruaru e lembrou de seu empenho para alinhar as Administra\u00e7\u00f5es Tribut\u00e1rias em Pernambuco, dialogando com os agentes p\u00fablicos.<br \/>\nSiga o Instagram @portaledvaldomagalhaes<br \/>\nFoto: Divulga\u00e7\u00e3o<\/p>\n","protected":false},"excerpt":{"rendered":"<p>Na segunda-feira (19.01), o Auditor-Fiscal Artur Henrique Campos Peres tomou posse na Superintend\u00eancia da Receita Federal na 4\u00aa Regi\u00e3o Fiscal,&hellip;<\/p>\n","protected":false},"author":1,"featured_media":126277,"comment_status":"closed","ping_status":"open","sticky":false,"template":"","format":"standard","meta":{"footnotes":""},"categories":[14120],"tags":[13146,35692,34634],"class_list":["post-126275","post","type-post","status-publish","format-standard","has-post-thumbnail","hentry","category-noticias","tag-blog-edvaldo-magalhaes","tag-delegacia-da-receita-federal-de-caruaru-tem-novo-titular","tag-portal-edvaldo-magalhaes"],"_links":{"self":[{"href":"https:\/\/blogdoedvaldomagalhaes.com.br\/index.php\/wp-json\/wp\/v2\/posts\/126275","targetHints":{"allow":["GET"]}}],"collection":[{"href":"https:\/\/blogdoedvaldomagalhaes.com.br\/index.php\/wp-json\/wp\/v2\/posts"}],"about":[{"href":"https:\/\/blogdoedvaldomagalhaes.com.br\/index.php\/wp-json\/wp\/v2\/types\/post"}],"author":[{"embeddable":true,"href":"https:\/\/blogdoedvaldomagalhaes.com.br\/index.php\/wp-json\/wp\/v2\/users\/1"}],"replies":[{"embeddable":true,"href":"https:\/\/blogdoedvaldomagalhaes.com.br\/index.php\/wp-json\/wp\/v2\/comments?post=126275"}],"version-history":[{"count":2,"href":"https:\/\/blogdoedvaldomagalhaes.com.br\/index.php\/wp-json\/wp\/v2\/posts\/126275\/revisions"}],"predecessor-version":[{"id":126278,"href":"https:\/\/blogdoedvaldomagalhaes.com.br\/index.php\/wp-json\/wp\/v2\/posts\/126275\/revisions\/126278"}],"wp:featuredmedia":[{"embeddable":true,"href":"https:\/\/blogdoedvaldomagalhaes.com.br\/index.php\/wp-json\/wp\/v2\/media\/126277"}],"wp:attachment":[{"href":"https:\/\/blogdoedvaldomagalhaes.com.br\/index.php\/wp-json\/wp\/v2\/media?parent=126275"}],"wp:term":[{"taxonomy":"category","embeddable":true,"href":"https:\/\/blogdoedvaldomagalhaes.com.br\/index.php\/wp-json\/wp\/v2\/categories?post=126275"},{"taxonomy":"post_tag","embeddable":true,"href":"https:\/\/blogdoedvaldomagalhaes.com.br\/index.php\/wp-json\/wp\/v2\/tags?post=126275"}],"curies":[{"name":"wp","href":"https:\/\/api.w.org\/{rel}","templated":true}]}}