{"id":126272,"date":"2026-01-21T20:14:52","date_gmt":"2026-01-21T23:14:52","guid":{"rendered":"https:\/\/blogdoedvaldomagalhaes.com.br\/?p=126272"},"modified":"2026-01-21T20:14:52","modified_gmt":"2026-01-21T23:14:52","slug":"prefeitura-de-caruaru-esclarece-cobranca-de-taxa-de-coleta-de-lixo-para-condominios-residenciais","status":"publish","type":"post","link":"https:\/\/blogdoedvaldomagalhaes.com.br\/index.php\/2026\/01\/21\/prefeitura-de-caruaru-esclarece-cobranca-de-taxa-de-coleta-de-lixo-para-condominios-residenciais\/","title":{"rendered":"Prefeitura de Caruaru esclarece cobran\u00e7a de taxa de coleta de lixo para condom\u00ednios residenciais"},"content":{"rendered":"<p>A Prefeitura Municipal de Caruaru, atrav\u00e9s da Secretaria da Fazenda (Sefaz), esclarece que os condom\u00ednios residenciais, enquadrados como grandes geradores de res\u00edduos s\u00f3lidos, receberam a cobran\u00e7a integral referente \u00e0 Taxa da Coleta de Lixo no boleto do IPTU em raz\u00e3o da n\u00e3o conclus\u00e3o do cadastro junto ao munic\u00edpio, perante \u00e0 Lei n\u00ba 7.372\/25.<\/p>\n<p>Vale ressaltar que, no momento da regulariza\u00e7\u00e3o do cadastro, cada condom\u00ednio dever\u00e1 emitir um novo boleto por meio do Portal do Contribuinte, https:\/\/linktr.ee\/sefaz.caruaru.pmc?utm_source=linktree_profile_share, que constar\u00e1 apenas a cobran\u00e7a referente aos meses de janeiro e fevereiro. Os boletos recebidos antes da conclus\u00e3o do cadastro como grande gerador dever\u00e3o ser desconsiderados.<\/p>\n<p>Caso algum contribuinte, enquadrado como grande gerador, tenha efetuado pagamento antecipado, dever\u00e1 solicitar, por meio da plataforma https:\/\/caruaru.1doc.com.br, junto \u00e0 Sefaz, a abertura do processo de compensa\u00e7\u00e3o ou restitui\u00e7\u00e3o.<\/p>\n<p>\u00c9 importante ressaltar que os grandes geradores s\u00e3o empreendimentos que geram mais de 300 litros\/dia, conforme estabelecido na Lei acima citada que correspondem a 11% dos im\u00f3veis de Caruaru. Os demais im\u00f3veis n\u00e3o sofreram altera\u00e7\u00f5es na cobran\u00e7a da taxa de lixo. Foto: Divulga\u00e7\u00e3o<br \/>\nSiga o Instagram @portaledvaldomagalhaes<\/p>\n","protected":false},"excerpt":{"rendered":"<p>A Prefeitura Municipal de Caruaru, atrav\u00e9s da Secretaria da Fazenda (Sefaz), esclarece que os condom\u00ednios residenciais, enquadrados como grandes geradores&hellip;<\/p>\n","protected":false},"author":1,"featured_media":126273,"comment_status":"closed","ping_status":"open","sticky":false,"template":"","format":"standard","meta":{"footnotes":""},"categories":[14120],"tags":[13146,34634,35691],"class_list":["post-126272","post","type-post","status-publish","format-standard","has-post-thumbnail","hentry","category-noticias","tag-blog-edvaldo-magalhaes","tag-portal-edvaldo-magalhaes","tag-prefeitura-de-caruaru-esclarece-cobranca-de-taxa-de-coleta-de-lixo-para-condominios-residenciais"],"_links":{"self":[{"href":"https:\/\/blogdoedvaldomagalhaes.com.br\/index.php\/wp-json\/wp\/v2\/posts\/126272","targetHints":{"allow":["GET"]}}],"collection":[{"href":"https:\/\/blogdoedvaldomagalhaes.com.br\/index.php\/wp-json\/wp\/v2\/posts"}],"about":[{"href":"https:\/\/blogdoedvaldomagalhaes.com.br\/index.php\/wp-json\/wp\/v2\/types\/post"}],"author":[{"embeddable":true,"href":"https:\/\/blogdoedvaldomagalhaes.com.br\/index.php\/wp-json\/wp\/v2\/users\/1"}],"replies":[{"embeddable":true,"href":"https:\/\/blogdoedvaldomagalhaes.com.br\/index.php\/wp-json\/wp\/v2\/comments?post=126272"}],"version-history":[{"count":1,"href":"https:\/\/blogdoedvaldomagalhaes.com.br\/index.php\/wp-json\/wp\/v2\/posts\/126272\/revisions"}],"predecessor-version":[{"id":126274,"href":"https:\/\/blogdoedvaldomagalhaes.com.br\/index.php\/wp-json\/wp\/v2\/posts\/126272\/revisions\/126274"}],"wp:featuredmedia":[{"embeddable":true,"href":"https:\/\/blogdoedvaldomagalhaes.com.br\/index.php\/wp-json\/wp\/v2\/media\/126273"}],"wp:attachment":[{"href":"https:\/\/blogdoedvaldomagalhaes.com.br\/index.php\/wp-json\/wp\/v2\/media?parent=126272"}],"wp:term":[{"taxonomy":"category","embeddable":true,"href":"https:\/\/blogdoedvaldomagalhaes.com.br\/index.php\/wp-json\/wp\/v2\/categories?post=126272"},{"taxonomy":"post_tag","embeddable":true,"href":"https:\/\/blogdoedvaldomagalhaes.com.br\/index.php\/wp-json\/wp\/v2\/tags?post=126272"}],"curies":[{"name":"wp","href":"https:\/\/api.w.org\/{rel}","templated":true}]}}