{"id":126269,"date":"2026-01-21T18:59:56","date_gmt":"2026-01-21T21:59:56","guid":{"rendered":"https:\/\/blogdoedvaldomagalhaes.com.br\/?p=126269"},"modified":"2026-01-21T18:59:56","modified_gmt":"2026-01-21T21:59:56","slug":"iel-pe-abre-vaga-para-especialista-em-folha-de-pagamento-no-setor-industrial-de-caruaru","status":"publish","type":"post","link":"https:\/\/blogdoedvaldomagalhaes.com.br\/index.php\/2026\/01\/21\/iel-pe-abre-vaga-para-especialista-em-folha-de-pagamento-no-setor-industrial-de-caruaru\/","title":{"rendered":"IEL-PE abre vaga para especialista em folha de pagamento no setor industrial de Caruaru"},"content":{"rendered":"<p>O Instituto Euvaldo Lodi de Pernambuco (IEL-PE) est\u00e1 com processo seletivo aberto para a contrata\u00e7\u00e3o de especialista em folha de pagamento para atuar no setor industrial, no munic\u00edpio de Caruaru, Agreste do Estado. A oportunidade \u00e9 destinada a profissionais graduados em Administra\u00e7\u00e3o ou Contabilidade, com experi\u00eancia em sistemas de Departamento Pessoal (DP). A contrata\u00e7\u00e3o ser\u00e1 em regime de carteira assinada. Os interessados devem enviar o curr\u00edculo para o e-mail selecao@ielpe.org.br, informando no assunto \u201cEspecialista em Folha\u201d.<\/p>\n<p>A carga hor\u00e1ria \u00e9 das 8h \u00e0s 17h, de segunda a sexta-feira (com 1h de intervalo para almo\u00e7o), e das 8h \u00e0s 12h aos s\u00e1bados, com possibilidade de rod\u00edzio e compensa\u00e7\u00e3o. Entre as principais atribui\u00e7\u00f5es do cargo est\u00e3o: c\u00e1lculo de folha de pagamento, f\u00e9rias e rescis\u00f5es; controle e pagamento de encargos trabalhistas; apura\u00e7\u00e3o de impostos; confer\u00eancia de benef\u00edcios e documenta\u00e7\u00e3o trabalhista; elabora\u00e7\u00e3o de relat\u00f3rios, indicadores de custos e arquivamento de documentos.<\/p>\n<p>A empresa contratante oferece plano de sa\u00fade e odontol\u00f3gico, transporte por \u00f4nibus da empresa, vale-alimenta\u00e7\u00e3o, seguro de vida, entre outros benef\u00edcios. A remunera\u00e7\u00e3o ser\u00e1 informada durante a entrevista.<br \/>\nSiga o Instagram @portaledvaldomagalhaes<br \/>\nFoto: Divulga\u00e7\u00e3o <\/p>\n","protected":false},"excerpt":{"rendered":"<p>O Instituto Euvaldo Lodi de Pernambuco (IEL-PE) est\u00e1 com processo seletivo aberto para a contrata\u00e7\u00e3o de especialista em folha de&hellip;<\/p>\n","protected":false},"author":1,"featured_media":126270,"comment_status":"closed","ping_status":"open","sticky":false,"template":"","format":"standard","meta":{"footnotes":""},"categories":[14120],"tags":[13146,35690,34634],"class_list":["post-126269","post","type-post","status-publish","format-standard","has-post-thumbnail","hentry","category-noticias","tag-blog-edvaldo-magalhaes","tag-iel-pe-abre-vaga-para-especialista-em-folha-de-pagamento-no-setor-industrial-de-caruaru","tag-portal-edvaldo-magalhaes"],"_links":{"self":[{"href":"https:\/\/blogdoedvaldomagalhaes.com.br\/index.php\/wp-json\/wp\/v2\/posts\/126269","targetHints":{"allow":["GET"]}}],"collection":[{"href":"https:\/\/blogdoedvaldomagalhaes.com.br\/index.php\/wp-json\/wp\/v2\/posts"}],"about":[{"href":"https:\/\/blogdoedvaldomagalhaes.com.br\/index.php\/wp-json\/wp\/v2\/types\/post"}],"author":[{"embeddable":true,"href":"https:\/\/blogdoedvaldomagalhaes.com.br\/index.php\/wp-json\/wp\/v2\/users\/1"}],"replies":[{"embeddable":true,"href":"https:\/\/blogdoedvaldomagalhaes.com.br\/index.php\/wp-json\/wp\/v2\/comments?post=126269"}],"version-history":[{"count":1,"href":"https:\/\/blogdoedvaldomagalhaes.com.br\/index.php\/wp-json\/wp\/v2\/posts\/126269\/revisions"}],"predecessor-version":[{"id":126271,"href":"https:\/\/blogdoedvaldomagalhaes.com.br\/index.php\/wp-json\/wp\/v2\/posts\/126269\/revisions\/126271"}],"wp:featuredmedia":[{"embeddable":true,"href":"https:\/\/blogdoedvaldomagalhaes.com.br\/index.php\/wp-json\/wp\/v2\/media\/126270"}],"wp:attachment":[{"href":"https:\/\/blogdoedvaldomagalhaes.com.br\/index.php\/wp-json\/wp\/v2\/media?parent=126269"}],"wp:term":[{"taxonomy":"category","embeddable":true,"href":"https:\/\/blogdoedvaldomagalhaes.com.br\/index.php\/wp-json\/wp\/v2\/categories?post=126269"},{"taxonomy":"post_tag","embeddable":true,"href":"https:\/\/blogdoedvaldomagalhaes.com.br\/index.php\/wp-json\/wp\/v2\/tags?post=126269"}],"curies":[{"name":"wp","href":"https:\/\/api.w.org\/{rel}","templated":true}]}}