{"id":126267,"date":"2026-01-21T18:39:03","date_gmt":"2026-01-21T21:39:03","guid":{"rendered":"https:\/\/blogdoedvaldomagalhaes.com.br\/?p=126267"},"modified":"2026-01-21T18:39:03","modified_gmt":"2026-01-21T21:39:03","slug":"eu-fui-a-crianca-na-caixa-de-sapatos-hoje-luto-por-por-quem-ainda-esta-la-jose-fernando-santos-de-souza-pre-candidato-a-deputado-federal-pelo-prd","status":"publish","type":"post","link":"https:\/\/blogdoedvaldomagalhaes.com.br\/index.php\/2026\/01\/21\/eu-fui-a-crianca-na-caixa-de-sapatos-hoje-luto-por-por-quem-ainda-esta-la-jose-fernando-santos-de-souza-pre-candidato-a-deputado-federal-pelo-prd\/","title":{"rendered":"&#8220;Eu fui a crian\u00e7a na caixa de sapatos. Hoje, luto por POR quem ainda est\u00e1 l\u00e1\u201d &#8211; Jos\u00e9 Fernando Santos de Souza, Pr\u00e9-candidato a Deputado Federal pelo PRD"},"content":{"rendered":"<p>Meu nome \u00e9 Jos\u00e9 Fernando. Sou Juiz aposentado e pr\u00e9-candidato a Deputado Federal pelo PRD.<br \/>\nQUEM SOU EU<br \/>\nMinha gente, antes de falar de partido e de proposta, eu preciso contar pra voc\u00eas quem eu sou.<br \/>\nEm 1960, eu fui abandonado rec\u00e9m-nascido dentro de uma caixa de sapatos numa pra\u00e7a de Jo\u00e3o Pessoa. Uma crian\u00e7a jogada fora. Sem pai, sem m\u00e3e, sem ningu\u00e9m.<br \/>\nMas Deus colocou no meu caminho o Sargento Edson e Dona Lu\u00edza. Eles me adotaram. Me deram nome. Me deram fam\u00edlia. Me deram amor.<br \/>\nPor causa deles, eu n\u00e3o virei estat\u00edstica. N\u00e3o virei menino de rua. N\u00e3o virei bandido.<br \/>\nPor causa deles, eu me formei, passei em concurso p\u00fablico e me tornei Juiz de Direito. Trabalhei mais de 30 anos na Justi\u00e7a. Fui 18 anos Juiz Titular da Vara da Fazenda P\u00fablica em Caruaru. E fui quase 7 anos Juiz Regional da Inf\u00e2ncia e da Juventude, respons\u00e1vel por 42 cidades do Agreste de Pernambuco.<br \/>\nEu sei o que \u00e9 ser abandonado. E eu sei o que \u00e9 ser salvo.<br \/>\nO QUE \u00c9 O PRD<br \/>\nMuita gente pergunta: &#8220;Doutor, o que \u00e9 esse partido PRD?&#8221;<br \/>\nVou explicar de um jeito simples.<br \/>\nO PRD \u00e9 o Partido Renova\u00e7\u00e3o Democr\u00e1tica. Ele nasceu da uni\u00e3o de dois partidos que j\u00e1 existiam \u2014 o PTB e o Patriota. \u00c9 um partido grande, o quarto maior do Brasil, com mais de 1 milh\u00e3o de filiados.<br \/>\nE agora o PRD se juntou com o Solidariedade numa federa\u00e7\u00e3o aprovada pelo Tribunal Superior Eleitoral em dezembro de 2025. O nome dessa federa\u00e7\u00e3o \u00e9 Renova\u00e7\u00e3o Solid\u00e1ria.<br \/>\nO que isso quer dizer na pr\u00e1tica?<br \/>\nQuer dizer que esses dois partidos v\u00e3o trabalhar juntos por pelo menos 4 anos. Juntos na C\u00e2mara dos Deputados. Juntos nas elei\u00e7\u00f5es. Juntos para defender o povo.<br \/>\nO QUE O PRD DEFENDE<br \/>\nO PRD e o Solidariedade defendem o qu\u00ea?<br \/>\nPrimeiro: Equil\u00edbrio. Nada de briga de extremos. Nada de gritaria. O povo pobre \u00e9 quem mais sofre quando os pol\u00edticos ficam brigando entre si em vez de trabalhar.<br \/>\nSegundo: Os mais necessitados. O pr\u00f3prio l\u00edder do PRD na C\u00e2mara disse: &#8220;Essa guerra entre os extremos tem como maior prejudicado a sociedade e os mais necessitados.&#8221;<br \/>\nTerceiro: Direitos do trabalhador, prote\u00e7\u00e3o social, emprego, sa\u00fade, educa\u00e7\u00e3o.<br \/>\n\u00c9 isso que eu tamb\u00e9m defendo. Por isso estou no PRD.<br \/>\nPOR QUE EU QUERO SER DEPUTADO FEDERAL<br \/>\nMinha gente, eu podia estar em casa descansando. Sou aposentado. J\u00e1 trabalhei muito.<br \/>\nMas eu n\u00e3o consigo ficar parado vendo o que acontece com as crian\u00e7as desse pa\u00eds.<br \/>\nVoc\u00eas sabiam que a cada hora, cinco crian\u00e7as de at\u00e9 14 anos sofrem viol\u00eancia sexual no Brasil?<br \/>\nVoc\u00eas sabiam que quase metade das den\u00fancias de viola\u00e7\u00f5es de direitos humanos no Brasil s\u00e3o contra crian\u00e7as e adolescentes?<br \/>\nVoc\u00eas sabiam que os casos de maus-tratos contra crian\u00e7as aumentaram 8% nos \u00faltimos anos?<br \/>\nIsso n\u00e3o pode continuar assim.<br \/>\nNos meus quase 7 anos como Juiz da Inf\u00e2ncia, eu julguei centenas desses casos. Vi crian\u00e7a espancada pelo pr\u00f3prio pai. Vi menina abusada pelo padrasto. Vi menino de 10 anos morando na rua porque a m\u00e3e preferiu o v\u00edcio.<br \/>\nChega. Tem que mudar.<br \/>\nO QUE A LEI DIZ<br \/>\nA nossa Constitui\u00e7\u00e3o, a lei maior do Brasil, diz o seguinte no artigo 227:<br \/>\n&#8220;\u00c9 dever da fam\u00edlia, da sociedade e do Estado assegurar \u00e0 crian\u00e7a e ao adolescente, com absoluta prioridade, o direito \u00e0 vida, \u00e0 sa\u00fade, \u00e0 alimenta\u00e7\u00e3o, \u00e0 educa\u00e7\u00e3o, ao lazer, \u00e0 dignidade, ao respeito, \u00e0 liberdade e \u00e0 conviv\u00eancia familiar.&#8221;<br \/>\nE ainda diz mais: tem que colocar essas crian\u00e7as a salvo de toda forma de neglig\u00eancia, discrimina\u00e7\u00e3o, explora\u00e7\u00e3o, viol\u00eancia, crueldade e opress\u00e3o.<br \/>\nIsso est\u00e1 na lei. Mas est\u00e1 sendo cumprido?<br \/>\nN\u00e3o est\u00e1.<br \/>\nE \u00e9 por isso que eu quero ir pra Bras\u00edlia. Pra cobrar. Pra fiscalizar. Pra criar leis que funcionem de verdade.<br \/>\nMINHAS PROPOSTAS \u2014 EM LINGUAGEM SIMPLES<br \/>\n1. SAL\u00c1RIO DIGNO PARA CONSELHEIRO TUTELAR<br \/>\nVoc\u00eas conhecem o Conselho Tutelar, n\u00e9? \u00c9 aquele \u00f3rg\u00e3o que atende quando uma crian\u00e7a est\u00e1 em perigo. Quando apanha em casa. Quando est\u00e1 abandonada. Quando est\u00e1 na rua.<br \/>\nPois bem. Em muitas cidades do Brasil, o Conselheiro Tutelar ganha menos de um sal\u00e1rio m\u00ednimo. Trabalha de dia, de noite, fim de semana, feriado \u2014 e ganha uma mis\u00e9ria.<br \/>\nMinha proposta: Criar um piso salarial nacional para o Conselheiro Tutelar. Um sal\u00e1rio justo. Porque quem cuida das nossas crian\u00e7as merece ser valorizado.<br \/>\n2. FORTALECER O CRAS E O CREAS<br \/>\nVoc\u00eas sabem o que \u00e9 o CRAS? \u00c9 o Centro de Refer\u00eancia de Assist\u00eancia Social. \u00c9 onde a fam\u00edlia pobre vai buscar ajuda. Cadastro \u00danico, Bolsa Fam\u00edlia, orienta\u00e7\u00e3o, apoio.<br \/>\nE o CREAS? \u00c9 o Centro de Refer\u00eancia Especializado. \u00c9 pra casos mais graves. Viol\u00eancia dom\u00e9stica, abuso, crian\u00e7a em risco.<br \/>\nO problema \u00e9 que muitos CRAS e CREAS aqui em Pernambuco n\u00e3o t\u00eam estrutura. Falta funcion\u00e1rio. Falta carro. Falta computador. Falta tudo.<br \/>\nMinha proposta: Lutar por mais recursos federais para equipar esses centros no nosso estado. Porque \u00e9 l\u00e1 na ponta, no munic\u00edpio, que a ajuda precisa chegar.<br \/>\n3. RECUPERAR O MENOR INFRATOR, N\u00c3O FABRICAR BANDIDO<br \/>\nQuando um adolescente comete um crime, ele vai pra uma unidade socioeducativa. Era pra ser um lugar de recupera\u00e7\u00e3o. De estudo. De aprender uma profiss\u00e3o.<br \/>\nMas o que acontece na pr\u00e1tica? Muitas dessas unidades s\u00e3o dep\u00f3sitos de gente. O menino entra por um crime pequeno e sai de l\u00e1 formado no crime.<br \/>\nMinha proposta: Reformar o sistema socioeducativo. Investir em educa\u00e7\u00e3o e profissionaliza\u00e7\u00e3o dentro dessas unidades. Porque adolescente que aprende um of\u00edcio tem chance de mudar de vida. Adolescente que s\u00f3 apanha e \u00e9 humilhado vira criminoso de verdade.<br \/>\n4. PAI E M\u00c3E T\u00caM QUE CUMPRIR SUA OBRIGA\u00c7\u00c3O<br \/>\nA B\u00edblia diz: &#8220;Instrui o menino no caminho em que deve andar, e at\u00e9 quando envelhecer n\u00e3o se desviar\u00e1 dele.&#8221;<br \/>\nA lei diz que \u00e9 dever dos pais criar, educar e proteger os filhos.<br \/>\nMas tem pai que abandona. Tem m\u00e3e que maltrata. Tem gente que coloca o filho no mundo e depois larga.<br \/>\nEu vi isso centenas de vezes no tribunal.<br \/>\nCrian\u00e7a n\u00e3o pediu pra nascer. Se o pai e a m\u00e3e colocaram no mundo, t\u00eam obriga\u00e7\u00e3o de cuidar. E se n\u00e3o cuidam, t\u00eam que responder.<br \/>\nMinha proposta: Fortalecer as leis contra o abandono parental. Pai que pode cuidar e n\u00e3o cuida tem que ser responsabilizado. N\u00e3o \u00e9 s\u00f3 pens\u00e3o aliment\u00edcia. \u00c9 presen\u00e7a. \u00c9 afeto. \u00c9 responsabilidade.<br \/>\nPOR QUE O PRD \u00c9 O PARTIDO CERTO PRA ESSA LUTA<br \/>\nO PRD e a Federa\u00e7\u00e3o Renova\u00e7\u00e3o Solid\u00e1ria defendem os mais necessitados.<br \/>\nE quem \u00e9 mais necessitado que uma crian\u00e7a abandonada?<br \/>\nQuem \u00e9 mais vulner\u00e1vel que um menino de rua?<br \/>\nQuem precisa mais de prote\u00e7\u00e3o que uma menina abusada dentro da pr\u00f3pria casa?<br \/>\n\u00c9 por essas crian\u00e7as que eu vou lutar.<br \/>\nEu n\u00e3o tenho dinheiro de empres\u00e1rio. N\u00e3o tenho m\u00e1quina pol\u00edtica. N\u00e3o tenho padrinho poderoso.<br \/>\nMas eu tenho experi\u00eancia. Tenho conhecimento. E tenho hist\u00f3ria.<br \/>\nEu fui aquela crian\u00e7a na caixa de sapatos. E se Deus me deu a chance de chegar onde cheguei, eu tenho a obriga\u00e7\u00e3o de lutar por quem ainda est\u00e1 l\u00e1 embaixo.<br \/>\nMEU PEDIDO A VOC\u00caS<br \/>\nMinha gente, elei\u00e7\u00e3o n\u00e3o \u00e9 s\u00f3 apertar bot\u00e3o na urna. \u00c9 escolher quem vai falar por voc\u00eas em Bras\u00edlia.<br \/>\nEu n\u00e3o vou prometer mundos e fundos. N\u00e3o vou mentir dizendo que vou resolver tudo.<br \/>\nMas eu prometo uma coisa: vou trabalhar. Vou fiscalizar. Vou brigar pelas crian\u00e7as e pelos mais pobres.<br \/>\nPorque eu sei de onde eu vim. E eu n\u00e3o esque\u00e7o.<br \/>\nJOS\u00c9 FERNANDO SANTOS DE SOUZA<br \/>\nJuiz de Direito Aposentado do Tribunal de Justi\u00e7a de Pernambuco<br \/>\nPresidente da AANE \u2014 Associa\u00e7\u00e3o de Apoio \u00e0s Pessoas com Necessidades Especiais<br \/>\nMembro da Comiss\u00e3o de Direitos Humanos da OAB\/PE<br \/>\nPr\u00e9-candidato a Deputado Federal pelo PRD \u2014 Federa\u00e7\u00e3o Renova\u00e7\u00e3o Solid\u00e1ria<br \/>\n&#8220;Quem cuida de uma crian\u00e7a, cuida do futuro do Brasil.&#8221;<br \/>\nSiga o Instagram @portaledvaldomagalhaes.<br \/>\nFoto: Divulga\u00e7\u00e3o<\/p>\n","protected":false},"excerpt":{"rendered":"<p>Meu nome \u00e9 Jos\u00e9 Fernando. Sou Juiz aposentado e pr\u00e9-candidato a Deputado Federal pelo PRD. QUEM SOU EU Minha gente,&hellip;<\/p>\n","protected":false},"author":1,"featured_media":126194,"comment_status":"closed","ping_status":"open","sticky":false,"template":"","format":"standard","meta":{"footnotes":""},"categories":[14122],"tags":[13146,35689,20,34634],"class_list":["post-126267","post","type-post","status-publish","format-standard","has-post-thumbnail","hentry","category-politica","tag-blog-edvaldo-magalhaes","tag-juiz-aposentado-jose-fernando-santos-de-souza","tag-politica","tag-portal-edvaldo-magalhaes"],"_links":{"self":[{"href":"https:\/\/blogdoedvaldomagalhaes.com.br\/index.php\/wp-json\/wp\/v2\/posts\/126267","targetHints":{"allow":["GET"]}}],"collection":[{"href":"https:\/\/blogdoedvaldomagalhaes.com.br\/index.php\/wp-json\/wp\/v2\/posts"}],"about":[{"href":"https:\/\/blogdoedvaldomagalhaes.com.br\/index.php\/wp-json\/wp\/v2\/types\/post"}],"author":[{"embeddable":true,"href":"https:\/\/blogdoedvaldomagalhaes.com.br\/index.php\/wp-json\/wp\/v2\/users\/1"}],"replies":[{"embeddable":true,"href":"https:\/\/blogdoedvaldomagalhaes.com.br\/index.php\/wp-json\/wp\/v2\/comments?post=126267"}],"version-history":[{"count":1,"href":"https:\/\/blogdoedvaldomagalhaes.com.br\/index.php\/wp-json\/wp\/v2\/posts\/126267\/revisions"}],"predecessor-version":[{"id":126268,"href":"https:\/\/blogdoedvaldomagalhaes.com.br\/index.php\/wp-json\/wp\/v2\/posts\/126267\/revisions\/126268"}],"wp:featuredmedia":[{"embeddable":true,"href":"https:\/\/blogdoedvaldomagalhaes.com.br\/index.php\/wp-json\/wp\/v2\/media\/126194"}],"wp:attachment":[{"href":"https:\/\/blogdoedvaldomagalhaes.com.br\/index.php\/wp-json\/wp\/v2\/media?parent=126267"}],"wp:term":[{"taxonomy":"category","embeddable":true,"href":"https:\/\/blogdoedvaldomagalhaes.com.br\/index.php\/wp-json\/wp\/v2\/categories?post=126267"},{"taxonomy":"post_tag","embeddable":true,"href":"https:\/\/blogdoedvaldomagalhaes.com.br\/index.php\/wp-json\/wp\/v2\/tags?post=126267"}],"curies":[{"name":"wp","href":"https:\/\/api.w.org\/{rel}","templated":true}]}}