{"id":126260,"date":"2026-01-20T19:25:14","date_gmt":"2026-01-20T22:25:14","guid":{"rendered":"https:\/\/blogdoedvaldomagalhaes.com.br\/?p=126260"},"modified":"2026-01-20T19:25:14","modified_gmt":"2026-01-20T22:25:14","slug":"em-assembleia-da-amupe-governadora-raquel-lyra-assegura-r-14-bilhao-para-municipios-com-concessao-da-compesa","status":"publish","type":"post","link":"https:\/\/blogdoedvaldomagalhaes.com.br\/index.php\/2026\/01\/20\/em-assembleia-da-amupe-governadora-raquel-lyra-assegura-r-14-bilhao-para-municipios-com-concessao-da-compesa\/","title":{"rendered":"Em assembleia da Amupe, governadora Raquel Lyra assegura R$ 1,4 bilh\u00e3o para munic\u00edpios com concess\u00e3o da Compesa"},"content":{"rendered":"<p><span style=\"font-size: revert;\">Durante a primeira Assembleia Geral Extraordin\u00e1ria da Associa\u00e7\u00e3o Municipalista de Pernambuco (Amupe) do ano, nesta ter\u00e7a-feira (20), a governadora Raquel Lyra refor\u00e7ou a import\u00e2ncia do di\u00e1logo com as prefeituras para a constru\u00e7\u00e3o do modelo de concess\u00e3o parcial da Companhia Pernambucana de Saneamento (Compesa) e assegurou o repasse de R$ 1,4 bilh\u00e3o dos recursos da outorga aos munic\u00edpios. No evento, que reuniu gestores municipais de todas as regi\u00f5es do Estado, a chefe do Executivo estadual tamb\u00e9m apresentou o balan\u00e7o dos avan\u00e7os conquistados pela gest\u00e3o no \u00faltimo ano e quais os principais focos para este ano.<\/span><\/p>\n<p>\u201cHoje viemos conversar com os prefeitos de Pernambuco sobre os pr\u00f3ximos passos para a universaliza\u00e7\u00e3o do acesso \u00e0 \u00e1gua e ao tratamento de esgoto no Estado. Desde o primeiro momento, nas discuss\u00f5es com a pr\u00f3pria Amupe, decidimos que os munic\u00edpios tamb\u00e9m teriam acesso a esse dinheiro para investir em infraestrutura. Este \u00e9 um momento em que n\u00e3o apenas celebramos a concess\u00e3o exitosa, mas tamb\u00e9m desenhamos os pr\u00f3ximos passos, porque o trabalho est\u00e1 apenas come\u00e7ando. Isso s\u00f3 foi poss\u00edvel gra\u00e7as a uma profunda alian\u00e7a entre n\u00f3s, a associa\u00e7\u00e3o e os munic\u00edpios pernambucanos\u201d, afirmou a governadora Raquel Lyra.<\/p>\n<p>A concess\u00e3o parcial da Compesa garantiu R$ 19,1 bilh\u00f5es em investimentos para Pernambuco, com foco na universaliza\u00e7\u00e3o do acesso \u00e0 \u00e1gua e ao esgotamento sanit\u00e1rio at\u00e9 2033. Al\u00e9m destes investimentos, R$ 4,2 bilh\u00f5es foram assegurados em outorgas, sendo R$ 1,4 bilh\u00e3o exclusivamente para os munic\u00edpios.<\/p>\n<p>At\u00e9 o momento, 175 munic\u00edpios aderiram ao modelo. De acordo com o secret\u00e1rio de Planejamentos Estrat\u00e9gicos, Rodrigo Ribeiro, a gest\u00e3o segue em di\u00e1logo com os outros nove. \u201cEsse valor vai ser repassado em tr\u00eas parcelas, onde a primeira representa 60% do valor de cada munic\u00edpio. Em setembro ter\u00e1 a segunda parcela que \u00e9 mais 20% e, ap\u00f3s dois anos, mais 20%. O importante \u00e9 que o recurso seja destinado para investimento e em infraestrutura\u201d, explicou.<\/p>\n<p>O presidente da Amupe, Marcelo Gouveia, destacou o papel da entidade como espa\u00e7o de constru\u00e7\u00e3o coletiva entre o Estado e os munic\u00edpios. &#8220;\u00c9 um tema que gera muita expectativa nos prefeitos, pois ser\u00e3o investimentos vultuosos para que possamos dar a todos o direito de universaliza\u00e7\u00e3o da \u00e1gua. Reconhecemos o esfor\u00e7o da gest\u00e3o e todos est\u00e3o em festa, pois sabem que as obras trar\u00e3o grandes melhorias para o povo pernambucano&#8221;, afirmou o presidente.<\/p>\n<p>A governadora tamb\u00e9m enfatizou que a concess\u00e3o \u00e9 uma resposta estruturante a um problema hist\u00f3rico do Estado. Atualmente, 87% da popula\u00e7\u00e3o pernambucana tem acesso \u00e0 \u00e1gua e apenas 34% ao esgotamento sanit\u00e1rio, com perdas que chegam a 48%. Com o novo modelo, a meta \u00e9 alcan\u00e7ar 99% de acesso \u00e0 \u00e1gua, 90% de cobertura de esgoto e reduzir as perdas para 25%.<\/p>\n<p>O prefeito de Gravat\u00e1, Padre Joselito, elogiou a nova rela\u00e7\u00e3o entre o Estado e os munic\u00edpios. \u201c\u00c1gua \u00e9 vida, saneamento b\u00e1sico e sa\u00fade, e nossos munic\u00edpios precisam avan\u00e7ar nesse quesito. O Governo de Pernambuco tem trabalhado para corresponder \u00e0s necessidades da popula\u00e7\u00e3o em cada munic\u00edpio\u201d, disse. J\u00e1 Corrinha de Geomarco, prefeita de Dormentes, ressaltou os resultados alcan\u00e7ados pela gest\u00e3o. &#8220;Estamos vendo resultados do Litoral ao Sert\u00e3o. N\u00f3s acreditamos que isso vai solucionar o problema de quem tem a dificuldade com a falta de \u00e1gua, como n\u00f3s\u201d, acrescentou.<\/p>\n<p>Estiveram presentes na solenidade os secret\u00e1rios estaduais T\u00falio Vila\u00e7a (Casa Civil) e Andr\u00e9 Teixeira Filho (Mobilidade e Infraestrutura); os secret\u00e1rios executivos de Recursos H\u00eddricos, Artur Coutinho e Marcelo Asfora; al\u00e9m de gestores municipais de todas as regi\u00f5es do Estado.<br \/>\n<span style=\"font-size: revert;\">Siga o Instagram @portaledvaldomagalhaes<br \/>\nFoto: Yacy Ribeiro\/Secom<\/span><\/p>\n","protected":false},"excerpt":{"rendered":"<p>Durante a primeira Assembleia Geral Extraordin\u00e1ria da Associa\u00e7\u00e3o Municipalista de Pernambuco (Amupe) do ano, nesta ter\u00e7a-feira (20), a governadora Raquel&hellip;<\/p>\n","protected":false},"author":1,"featured_media":126261,"comment_status":"closed","ping_status":"open","sticky":false,"template":"","format":"standard","meta":{"footnotes":""},"categories":[14122],"tags":[35687,13146,35686,20,34634],"class_list":["post-126260","post","type-post","status-publish","format-standard","has-post-thumbnail","hentry","category-politica","tag-4-bilhao-para-municipios-com-concessao-da-compesa","tag-blog-edvaldo-magalhaes","tag-em-assembleia-da-amupe-governadora-raquel-lyra-assegura-r-1","tag-politica","tag-portal-edvaldo-magalhaes"],"_links":{"self":[{"href":"https:\/\/blogdoedvaldomagalhaes.com.br\/index.php\/wp-json\/wp\/v2\/posts\/126260","targetHints":{"allow":["GET"]}}],"collection":[{"href":"https:\/\/blogdoedvaldomagalhaes.com.br\/index.php\/wp-json\/wp\/v2\/posts"}],"about":[{"href":"https:\/\/blogdoedvaldomagalhaes.com.br\/index.php\/wp-json\/wp\/v2\/types\/post"}],"author":[{"embeddable":true,"href":"https:\/\/blogdoedvaldomagalhaes.com.br\/index.php\/wp-json\/wp\/v2\/users\/1"}],"replies":[{"embeddable":true,"href":"https:\/\/blogdoedvaldomagalhaes.com.br\/index.php\/wp-json\/wp\/v2\/comments?post=126260"}],"version-history":[{"count":1,"href":"https:\/\/blogdoedvaldomagalhaes.com.br\/index.php\/wp-json\/wp\/v2\/posts\/126260\/revisions"}],"predecessor-version":[{"id":126262,"href":"https:\/\/blogdoedvaldomagalhaes.com.br\/index.php\/wp-json\/wp\/v2\/posts\/126260\/revisions\/126262"}],"wp:featuredmedia":[{"embeddable":true,"href":"https:\/\/blogdoedvaldomagalhaes.com.br\/index.php\/wp-json\/wp\/v2\/media\/126261"}],"wp:attachment":[{"href":"https:\/\/blogdoedvaldomagalhaes.com.br\/index.php\/wp-json\/wp\/v2\/media?parent=126260"}],"wp:term":[{"taxonomy":"category","embeddable":true,"href":"https:\/\/blogdoedvaldomagalhaes.com.br\/index.php\/wp-json\/wp\/v2\/categories?post=126260"},{"taxonomy":"post_tag","embeddable":true,"href":"https:\/\/blogdoedvaldomagalhaes.com.br\/index.php\/wp-json\/wp\/v2\/tags?post=126260"}],"curies":[{"name":"wp","href":"https:\/\/api.w.org\/{rel}","templated":true}]}}