{"id":126257,"date":"2026-01-20T19:10:03","date_gmt":"2026-01-20T22:10:03","guid":{"rendered":"https:\/\/blogdoedvaldomagalhaes.com.br\/?p=126257"},"modified":"2026-01-20T20:48:16","modified_gmt":"2026-01-20T23:48:16","slug":"governadora-raquel-lyra-entrega-nova-etapa-da-adutora-do-agreste-e-garante-abastecimento-diario-de-agua-em-bezerros","status":"publish","type":"post","link":"https:\/\/blogdoedvaldomagalhaes.com.br\/index.php\/2026\/01\/20\/governadora-raquel-lyra-entrega-nova-etapa-da-adutora-do-agreste-e-garante-abastecimento-diario-de-agua-em-bezerros\/","title":{"rendered":"Governadora Raquel Lyra entrega nova etapa da Adutora do Agreste e garante abastecimento di\u00e1rio de \u00e1gua em Bezerros"},"content":{"rendered":"<p><span style=\"font-size: revert;\">Ap\u00f3s anos convivendo com a escassez de \u00e1gua, a artes\u00e3 Josy Santos v\u00ea a rotina em Bezerros, no Agreste Central, come\u00e7ar a mudar. \u201cVi muitos turistas que queriam investir na cidade, mas desistiam ao saber que a \u00e1gua n\u00e3o vinha com abund\u00e2ncia. Agora temos \u00e1gua sempre e a oportunidade de crescer ainda mais\u201d, relatou. A mudan\u00e7a no cotidiano da popula\u00e7\u00e3o foi marcada, nesta ter\u00e7a-feira (20), pela entrega de mais um trecho da Adutora do Agreste pela governadora Raquel Lyra, no Lote 5B da obra, que liga Caruaru a Gravat\u00e1 e passa por Bezerros, onde a \u00e1gua \u00e9 tratada.<\/span><\/p>\n<p>Com o in\u00edcio da opera\u00e7\u00e3o do novo trecho, cerca de 65 mil pessoas passam a ser beneficiadas. A cidade, que antes era atendida no regime de cinco dias com \u00e1gua e 25 dias sem, agora conta com mais \u00e1gua nas torneiras. O investimento foi de R$ 70 milh\u00f5es, executado pela Companhia Pernambucana de Saneamento (Compesa), por meio de uma pactua\u00e7\u00e3o entre o Governo de Pernambuco e o Governo Federal.<\/p>\n<p>\u201cTemos a alegria de inaugurar a nova etapa da Adutora do Agreste, entregando \u00e1gua para Bezerros, que sai de forte rod\u00edzio de abastecimento e agora tem cobertura de 93% da cidade com \u00e1gua todos os dias. As pr\u00f3ximas etapas da Adutora, que j\u00e1 est\u00e3o em testes, levar\u00e1 \u00e1gua para Gravat\u00e1, Surubim, Casinhas, Frei Miguelinho e Riacho das Almas, depois seguimos para Passira e Caruaru. Esse \u00e9 um trabalho que tem muitas m\u00e3os. Hoje \u00e9 um dia de liberta\u00e7\u00e3o, n\u00e3o ter \u00e1gua \u00e9 ter que abdicar de todos os seus sonhos. Agora, estamos permitindo ao nosso povo o direito de sonhar novamente\u201d, celebrou a governadora Raquel Lyra.<\/p>\n<p>A \u00e1gua que chega ao munic\u00edpio \u00e9 captada da Transposi\u00e7\u00e3o do Rio S\u00e3o Francisco, passa por Caruaru e \u00e9 tratada na Esta\u00e7\u00e3o de Tratamento de \u00c1gua (ETA) Bezerros, percorrendo 26 quil\u00f4metros at\u00e9 a distribui\u00e7\u00e3o. Com isso, a cidade reduz a depend\u00eancia de mananciais locais.<\/p>\n<p>\u201cEssa \u00e9 uma emancipa\u00e7\u00e3o h\u00eddrica da cidade de Bezerros. Foram 154 anos e a \u00e1gua chegou agora, depois de uma obra complexa, paralisada h\u00e1 muitos anos. S\u00f3 em 2025 n\u00f3s entregamos mais de 100 obras em todo o Estado e esse ano vamos aumentar essas entregas, \u00e9 \u00e1gua chegando em todo canto. N\u00e3o entregamos s\u00f3 obra, mas mudan\u00e7a, transforma\u00e7\u00e3o, dignidade, emprego, qualidade de vida e sa\u00fade tamb\u00e9m\u201d, afirmou o presidente da Compesa, Douglas N\u00f3brega.<\/p>\n<p>Ainda de acordo com o presidente, outras cidades v\u00e3o receber \u00e1gua tamb\u00e9m da Adutora do Agreste, a exemplo de Gravat\u00e1, S\u00e3o Bento do Una, Toritama, Brejo, Bu\u00edque, Iati e \u00c1guas Belas.<\/p>\n<p>Desde novembro de 2024, Bezerros vinha sendo atendida de forma emergencial pelo Sistema Brej\u00e3o\/Ara\u00e7\u00e1, com vaz\u00e3o de 130 litros por segundo, diante do baixo n\u00edvel do Sistema Jucazinho, que opera com apenas 0,71%. Com a nova etapa, a vaz\u00e3o passou a ser de 250 litros por segundo.<\/p>\n<p>Segundo a prefeita de Bezerros, Lucielle Laurentino, o avan\u00e7o representa um passo decisivo para superar um cen\u00e1rio hist\u00f3rico de escassez h\u00eddrica no munic\u00edpio. \u201cBezerros dependia quase 70% da \u00e1gua de Jucazinho, que hoje t\u00e1 abaixo de 1%, vivemos ano passado tr\u00eas epis\u00f3dios de praticamente zerar. Com a Adutora do Agreste, garantimos que a popula\u00e7\u00e3o tenha mais \u00e1gua pot\u00e1vel na torneira. \u00c9 uma virada de p\u00e1gina\u201d, afirmou a prefeita.<\/p>\n<p>Tamb\u00e9m presente, o deputado federal Mendon\u00e7a Filho destacou a necessidade hist\u00f3rica enfrentada pela popula\u00e7\u00e3o. \u201cO esfor\u00e7o que a gest\u00e3o tem feito desde o primeiro dia para trazer esse bem t\u00e3o importante para a vida, que \u00e9 a \u00e1gua, \u00e9 not\u00e1vel e merece o reconhecimento. O povo agrestino nota isso\u201d, acrescentou. J\u00e1 o deputado estadual Joaozinho Ten\u00f3rio elogiou a quantidade de a\u00e7\u00f5es da gest\u00e3o. \u201cO Governo do Estado tem uma vis\u00e3o fora do comum: \u00e1gua, estrada, seguran\u00e7a, educa\u00e7\u00e3o. \u00c9 obra e investimento em todas as \u00e1reas\u201d, afirmou.<\/p>\n<p>ADUTORA &#8211; A Adutora do Agreste \u00e9 uma das mais importantes obras de infraestrutura h\u00eddrica de Pernambuco. No Estado, a adutora avan\u00e7a com diversas frentes de trabalho em execu\u00e7\u00e3o e a primeira etapa prev\u00ea investimento total de R$ 2 bilh\u00f5es. Ao final desta etapa, o sistema beneficiar\u00e1 cerca de 1,3 milh\u00e3o de pessoas em 23 munic\u00edpios, dos quais cidades como Caruaru, Pesqueira, Belo Jardim e Arcoverde j\u00e1 recebem \u00e1gua.<\/p>\n<p>SEGURAN\u00c7A &#8211; No evento, a governadora Raquel Lyra tamb\u00e9m anunciou o in\u00edcio das obras da nova sede do Corpo de Bombeiros de Bezerros, al\u00e9m de ter autorizado o in\u00edcio da constru\u00e7\u00e3o da Delegacia de Bezerros e do novo Batalh\u00e3o da Pol\u00edcia Militar da cidade.<\/p>\n<p>Tamb\u00e9m estiveram presentes os secret\u00e1rios estaduais T\u00falio Vila\u00e7a (Casa Civil) e Andr\u00e9 Teixeira Filho (Mobilidade e Infraestrutura); e os prefeitos Duguinha Lins (S\u00e3o Joaquim do Monte), Ridete Pellegrino (Jaqueira), Fabinho Lisandro (Salgueiro), F\u00e1tima Borba (Cort\u00eas), Di\u00f3 Filho (Riacho das Almas), Z\u00e9 Elias Filho (Cal\u00e7ado), Edson Lopes (Lagoa do Ouro), Saulo Maruim (Brej\u00e3o), Severino Silvestre (Passira), Joel Gonzaga (Feira Nova), Pit\u00e9 (Quipapa), Pedro Pilota (Ita\u00edba) e Helinho Arag\u00e3o (Santa Cruz do Capibaribe).<br \/>\n<span style=\"font-size: revert;\">Siga o Instagram @portaledvaldomagalhaes.<br \/>\nFoto: Yacy Ribeiro\/Secom<\/span><\/p>\n","protected":false},"excerpt":{"rendered":"<p>Ap\u00f3s anos convivendo com a escassez de \u00e1gua, a artes\u00e3 Josy Santos v\u00ea a rotina em Bezerros, no Agreste Central,&hellip;<\/p>\n","protected":false},"author":1,"featured_media":126258,"comment_status":"closed","ping_status":"open","sticky":false,"template":"","format":"standard","meta":{"footnotes":""},"categories":[14122],"tags":[13146,35685,20,34634],"class_list":["post-126257","post","type-post","status-publish","format-standard","has-post-thumbnail","hentry","category-politica","tag-blog-edvaldo-magalhaes","tag-governadora-raquel-lyra-entrega-nova-etapa-da-adutora-do-agreste-e-garante-abastecimento-diario-de-agua-em-bezerros","tag-politica","tag-portal-edvaldo-magalhaes"],"_links":{"self":[{"href":"https:\/\/blogdoedvaldomagalhaes.com.br\/index.php\/wp-json\/wp\/v2\/posts\/126257","targetHints":{"allow":["GET"]}}],"collection":[{"href":"https:\/\/blogdoedvaldomagalhaes.com.br\/index.php\/wp-json\/wp\/v2\/posts"}],"about":[{"href":"https:\/\/blogdoedvaldomagalhaes.com.br\/index.php\/wp-json\/wp\/v2\/types\/post"}],"author":[{"embeddable":true,"href":"https:\/\/blogdoedvaldomagalhaes.com.br\/index.php\/wp-json\/wp\/v2\/users\/1"}],"replies":[{"embeddable":true,"href":"https:\/\/blogdoedvaldomagalhaes.com.br\/index.php\/wp-json\/wp\/v2\/comments?post=126257"}],"version-history":[{"count":2,"href":"https:\/\/blogdoedvaldomagalhaes.com.br\/index.php\/wp-json\/wp\/v2\/posts\/126257\/revisions"}],"predecessor-version":[{"id":126263,"href":"https:\/\/blogdoedvaldomagalhaes.com.br\/index.php\/wp-json\/wp\/v2\/posts\/126257\/revisions\/126263"}],"wp:featuredmedia":[{"embeddable":true,"href":"https:\/\/blogdoedvaldomagalhaes.com.br\/index.php\/wp-json\/wp\/v2\/media\/126258"}],"wp:attachment":[{"href":"https:\/\/blogdoedvaldomagalhaes.com.br\/index.php\/wp-json\/wp\/v2\/media?parent=126257"}],"wp:term":[{"taxonomy":"category","embeddable":true,"href":"https:\/\/blogdoedvaldomagalhaes.com.br\/index.php\/wp-json\/wp\/v2\/categories?post=126257"},{"taxonomy":"post_tag","embeddable":true,"href":"https:\/\/blogdoedvaldomagalhaes.com.br\/index.php\/wp-json\/wp\/v2\/tags?post=126257"}],"curies":[{"name":"wp","href":"https:\/\/api.w.org\/{rel}","templated":true}]}}