{"id":126250,"date":"2026-01-20T17:23:41","date_gmt":"2026-01-20T20:23:41","guid":{"rendered":"https:\/\/blogdoedvaldomagalhaes.com.br\/?p=126250"},"modified":"2026-01-20T17:28:43","modified_gmt":"2026-01-20T20:28:43","slug":"hospital-mestre-vitalino-recebe-nova-ambulancia-com-uti-movel-em-reforco-a-saude-no-agreste","status":"publish","type":"post","link":"https:\/\/blogdoedvaldomagalhaes.com.br\/index.php\/2026\/01\/20\/hospital-mestre-vitalino-recebe-nova-ambulancia-com-uti-movel-em-reforco-a-saude-no-agreste\/","title":{"rendered":"Hospital Mestre Vitalino recebe nova ambul\u00e2ncia com UTI M\u00f3vel em refor\u00e7o \u00e0 sa\u00fade no Agreste"},"content":{"rendered":"<p><span style=\"font-size: revert;\">O Hospital Mestre Vitalino (HMV), refer\u00eancia em atendimento de m\u00e9dia e alta complexidade no Agreste pernambucano, recebeu ontem (19) uma nova ambul\u00e2ncia equipada com Unidade de Terapia Intensiva (UTI) M\u00f3vel, fortalecendo a estrutura de atendimento emergencial da unidade. A entrega faz parte de um conjunto de nove ambul\u00e2ncias de suporte avan\u00e7ado entregues pelo Governo de Pernambuco, completando um total de 40 unidades deste tipo incorporadas \u00e0 rede estadual de sa\u00fade.<\/span><\/p>\n<p>A solenidade aconteceu no Pal\u00e1cio do Campo das Princesas, no Recife, com a presen\u00e7a da governadora Raquel Lyra. As ambul\u00e2ncias s\u00e3o destinadas a hospitais da Regi\u00e3o Metropolitana do Recife, Agreste e Sert\u00e3o e visam garantir transporte seguro e atendimento cont\u00ednuo a pacientes em estado cr\u00edtico, com equipamentos completos para suporte de vida durante remo\u00e7\u00f5es internas, externas e inter-hospitalares.<\/p>\n<p>O Hospital Mestre Vitalino, administrado pela Organiza\u00e7\u00e3o Social de Sa\u00fade Hospital do Tricenten\u00e1rio e que atende uma popula\u00e7\u00e3o de quase dois milh\u00f5es de pessoas em 53 munic\u00edpios, recebeu com entusiasmo o novo ve\u00edculo. \u201cEssa ambul\u00e2ncia com UTI M\u00f3vel representa um salto na nossa capacidade de atendimento. Ela vai permitir que mais pacientes, sobretudo os em condi\u00e7\u00f5es mais graves, sejam transportados com toda a estrutura de suporte avan\u00e7ado que necessitam, reduzindo riscos cl\u00ednicos e agilizando as transfer\u00eancias para outros servi\u00e7os especializados, quando necess\u00e1rio\u201d, destacou o diretor geral do HMV, Marcelo Cavalcanti.<\/p>\n<p>Com a chegada da nova ambul\u00e2ncia, o Hospital Mestre Vitalino espera reduzir ainda mais o tempo de resposta \u00e0s chamadas de emerg\u00eancia, melhorar a qualidade das remo\u00e7\u00f5es assistidas e fortalecer a articula\u00e7\u00e3o com outras unidades de sa\u00fade do Estado. Foto: Divulga\u00e7\u00e3o\/HMV<br \/>Siga o Instagram @portaledvaldomagalhaes<\/p>\n\n\n<p><\/p>\n","protected":false},"excerpt":{"rendered":"<p>O Hospital Mestre Vitalino (HMV), refer\u00eancia em atendimento de m\u00e9dia e alta complexidade no Agreste pernambucano, recebeu ontem (19) uma&hellip;<\/p>\n","protected":false},"author":1,"featured_media":126251,"comment_status":"closed","ping_status":"open","sticky":false,"template":"","format":"standard","meta":{"footnotes":""},"categories":[14120],"tags":[13146,35683,34634],"class_list":["post-126250","post","type-post","status-publish","format-standard","has-post-thumbnail","hentry","category-noticias","tag-blog-edvaldo-magalhaes","tag-hospital-mestre-vitalino-recebe-nova-ambulancia-com-uti-movel-em-reforco-a-saude-no-agreste","tag-portal-edvaldo-magalhaes"],"_links":{"self":[{"href":"https:\/\/blogdoedvaldomagalhaes.com.br\/index.php\/wp-json\/wp\/v2\/posts\/126250","targetHints":{"allow":["GET"]}}],"collection":[{"href":"https:\/\/blogdoedvaldomagalhaes.com.br\/index.php\/wp-json\/wp\/v2\/posts"}],"about":[{"href":"https:\/\/blogdoedvaldomagalhaes.com.br\/index.php\/wp-json\/wp\/v2\/types\/post"}],"author":[{"embeddable":true,"href":"https:\/\/blogdoedvaldomagalhaes.com.br\/index.php\/wp-json\/wp\/v2\/users\/1"}],"replies":[{"embeddable":true,"href":"https:\/\/blogdoedvaldomagalhaes.com.br\/index.php\/wp-json\/wp\/v2\/comments?post=126250"}],"version-history":[{"count":2,"href":"https:\/\/blogdoedvaldomagalhaes.com.br\/index.php\/wp-json\/wp\/v2\/posts\/126250\/revisions"}],"predecessor-version":[{"id":126253,"href":"https:\/\/blogdoedvaldomagalhaes.com.br\/index.php\/wp-json\/wp\/v2\/posts\/126250\/revisions\/126253"}],"wp:featuredmedia":[{"embeddable":true,"href":"https:\/\/blogdoedvaldomagalhaes.com.br\/index.php\/wp-json\/wp\/v2\/media\/126251"}],"wp:attachment":[{"href":"https:\/\/blogdoedvaldomagalhaes.com.br\/index.php\/wp-json\/wp\/v2\/media?parent=126250"}],"wp:term":[{"taxonomy":"category","embeddable":true,"href":"https:\/\/blogdoedvaldomagalhaes.com.br\/index.php\/wp-json\/wp\/v2\/categories?post=126250"},{"taxonomy":"post_tag","embeddable":true,"href":"https:\/\/blogdoedvaldomagalhaes.com.br\/index.php\/wp-json\/wp\/v2\/tags?post=126250"}],"curies":[{"name":"wp","href":"https:\/\/api.w.org\/{rel}","templated":true}]}}