{"id":126242,"date":"2026-01-19T20:25:02","date_gmt":"2026-01-19T23:25:02","guid":{"rendered":"https:\/\/blogdoedvaldomagalhaes.com.br\/?p=126242"},"modified":"2026-01-19T20:25:59","modified_gmt":"2026-01-19T23:25:59","slug":"corpo-e-encontrado-as-margens-do-rio-ipojuca","status":"publish","type":"post","link":"https:\/\/blogdoedvaldomagalhaes.com.br\/index.php\/2026\/01\/19\/corpo-e-encontrado-as-margens-do-rio-ipojuca\/","title":{"rendered":"Corpo \u00e9 encontrado \u00e0s margens do Rio Ipojuca"},"content":{"rendered":"<p>O corpo de um homem foi encontrado enterrado \u00e0s margens do Rio Ipojuca, nas proximidades da Feira do Troca, em Caruaru. Segundo informa\u00e7\u00f5es, a v\u00edtima era conhecida como \u201cNego\u201d.<br \/>\nSiga o Instagram @portaledvaldomagalhaes e comente<\/p>\n","protected":false},"excerpt":{"rendered":"<p>O corpo de um homem foi encontrado enterrado \u00e0s margens do Rio Ipojuca, nas proximidades da Feira do Troca, em&hellip;<\/p>\n","protected":false},"author":1,"featured_media":126243,"comment_status":"closed","ping_status":"open","sticky":false,"template":"","format":"standard","meta":{"footnotes":""},"categories":[14121],"tags":[13146,3406,35681,5448,34634],"class_list":["post-126242","post","type-post","status-publish","format-standard","has-post-thumbnail","hentry","category-policial","tag-blog-edvaldo-magalhaes","tag-caruaru","tag-corpo-e-encontrado-as-margens-do-rio-ipojuca","tag-homicidio","tag-portal-edvaldo-magalhaes"],"_links":{"self":[{"href":"https:\/\/blogdoedvaldomagalhaes.com.br\/index.php\/wp-json\/wp\/v2\/posts\/126242","targetHints":{"allow":["GET"]}}],"collection":[{"href":"https:\/\/blogdoedvaldomagalhaes.com.br\/index.php\/wp-json\/wp\/v2\/posts"}],"about":[{"href":"https:\/\/blogdoedvaldomagalhaes.com.br\/index.php\/wp-json\/wp\/v2\/types\/post"}],"author":[{"embeddable":true,"href":"https:\/\/blogdoedvaldomagalhaes.com.br\/index.php\/wp-json\/wp\/v2\/users\/1"}],"replies":[{"embeddable":true,"href":"https:\/\/blogdoedvaldomagalhaes.com.br\/index.php\/wp-json\/wp\/v2\/comments?post=126242"}],"version-history":[{"count":1,"href":"https:\/\/blogdoedvaldomagalhaes.com.br\/index.php\/wp-json\/wp\/v2\/posts\/126242\/revisions"}],"predecessor-version":[{"id":126244,"href":"https:\/\/blogdoedvaldomagalhaes.com.br\/index.php\/wp-json\/wp\/v2\/posts\/126242\/revisions\/126244"}],"wp:featuredmedia":[{"embeddable":true,"href":"https:\/\/blogdoedvaldomagalhaes.com.br\/index.php\/wp-json\/wp\/v2\/media\/126243"}],"wp:attachment":[{"href":"https:\/\/blogdoedvaldomagalhaes.com.br\/index.php\/wp-json\/wp\/v2\/media?parent=126242"}],"wp:term":[{"taxonomy":"category","embeddable":true,"href":"https:\/\/blogdoedvaldomagalhaes.com.br\/index.php\/wp-json\/wp\/v2\/categories?post=126242"},{"taxonomy":"post_tag","embeddable":true,"href":"https:\/\/blogdoedvaldomagalhaes.com.br\/index.php\/wp-json\/wp\/v2\/tags?post=126242"}],"curies":[{"name":"wp","href":"https:\/\/api.w.org\/{rel}","templated":true}]}}