{"id":126238,"date":"2026-01-19T19:27:59","date_gmt":"2026-01-19T22:27:59","guid":{"rendered":"https:\/\/blogdoedvaldomagalhaes.com.br\/?p=126238"},"modified":"2026-01-19T19:27:59","modified_gmt":"2026-01-19T22:27:59","slug":"governadora-raquel-lyra-entrega-nove-novas-ambulancias-de-uti-movel-e-completa-conjunto-de-40-unidades-deste-tipo","status":"publish","type":"post","link":"https:\/\/blogdoedvaldomagalhaes.com.br\/index.php\/2026\/01\/19\/governadora-raquel-lyra-entrega-nove-novas-ambulancias-de-uti-movel-e-completa-conjunto-de-40-unidades-deste-tipo\/","title":{"rendered":"Governadora Raquel Lyra entrega nove novas ambul\u00e2ncias de UTI M\u00f3vel e completa conjunto de 40 unidades deste tipo"},"content":{"rendered":"<p><span style=\"font-size: revert;\">Em um trabalho dedicado \u00e0 assist\u00eancia em sa\u00fade, a governadora Raquel Lyra entregou, nesta segunda-feira (19), no Pal\u00e1cio do Campo das Princesas, nove novas ambul\u00e2ncias do tipo suporte avan\u00e7ado com UTI M\u00f3vel para refor\u00e7o do atendimento dos hospitais da Rede Estadual. Com as novas unidades, foi realizada a entrega completa de 40 ambul\u00e2ncias de suporte avan\u00e7ado contratados pelo Governo de Pernambuco para ampliar a capacidade de resposta em situa\u00e7\u00f5es de urg\u00eancia. Ao todo, na atual gest\u00e3o, j\u00e1 foram entregues 73 ambul\u00e2ncias aos hospitais geridos pelo Estado, entre unidades de suporte b\u00e1sico e suporte avan\u00e7ado.<\/span><\/p>\n<p>\u201cAs ambul\u00e2ncias garantem \u00e0 nossa popula\u00e7\u00e3o mais seguran\u00e7a na preserva\u00e7\u00e3o das suas vidas, al\u00e9m das nossas equipes poderem trabalhar com todos os equipamentos necess\u00e1rios para prestar o devido socorro. Essa entrega faz parte de um conjunto de investimentos que \u00e9 o maior da hist\u00f3ria em nossa sa\u00fade p\u00fablica. N\u00e3o iremos parar at\u00e9 assegurar que atrav\u00e9s dos nossos investimentos, a nossa popula\u00e7\u00e3o que utiliza o SUS tenha a melhor estrutura para ser atendida\u201d, enfatizou a governadora Raquel Lyra.<\/p>\n<p>As ambul\u00e2ncias refor\u00e7am a grande demanda dos servi\u00e7os de sa\u00fade no Estado, entre elas as solicita\u00e7\u00f5es para deslocamentos internos, externos e inter-hospitalares. Os novos equipamentos ainda permitem a realiza\u00e7\u00e3o de transfer\u00eancias para exames externos, remo\u00e7\u00f5es assistidas e suporte avan\u00e7ado durante trajetos, contribuindo para a redu\u00e7\u00e3o de riscos cl\u00ednicos e para maior efici\u00eancia log\u00edstica.<\/p>\n<p>As novas unidades asseguram atendimento cont\u00ednuo da popula\u00e7\u00e3o, especialmente de pacientes em estado cr\u00edtico. As nove unidades entregues nesta segunda foram destinadas ao Hospital Geral de Areias (HGA), Hospital Ulysses Pernambucano (HUP), Hospital Jaboat\u00e3o Prazeres (HJP), Hospital Dom Helder C\u00e2mara, Hospital Dom Malan (HDM), Hospital do Sert\u00e3o Eduardo Campos (HSEC), Hospital Miguel Arraes (HMA), Hospital Mestre Vitalino e Hospital Regional Fernando Bezerra (HRFB).<\/p>\n<p>A secret\u00e1ria de Sa\u00fade, Zilda Cavalcanti, destacou a modernidade e efici\u00eancia dos novos equipamentos. \u201cAs entregas v\u00e3o para as unidades da Regi\u00e3o Metropolitana do Recife, Agreste e Sert\u00e3o para garantir, de uma ponta a outra do nosso Estado, um atendimento de qualidade. S\u00e3o ambul\u00e2ncias de alta complexidade, onde transportamos pacientes graves. \u00c9 muito importante que se possa fazer essa transfer\u00eancia com toda a seguran\u00e7a poss\u00edvel\u201d, explicou.<\/p>\n<p>A diretora-geral do Hospital Geral de Areias (HGA), Nat\u00e1lia Costa, falou sobre o impacto da nova ambul\u00e2ncia na unidade. \u201cNosso hospital \u00e9 refer\u00eancia em urg\u00eancia e emerg\u00eancia. Com o novo ve\u00edculo, passamos a ter condi\u00e7\u00f5es de realizar o transporte dos nossos pacientes e servidores de maneira segura e eficaz\u201d, pontuou a gestora. J\u00e1 Fl\u00e1vio Portho, condutor da ambul\u00e2ncia do Hospital do Sert\u00e3o Governador Eduardo Campos, em Serra Talhada, no Sert\u00e3o do Paje\u00fa, destacou que \u201ccomo profissional de sa\u00fade, a ambul\u00e2ncia vai ajudar muito\u201d.<\/p>\n<p>Presente na cerim\u00f4nia, o deputado estadual Iza\u00edas R\u00e9gis destacou o cuidado do Governo de Pernambuco com a sa\u00fade. \u201cA cidade de Garanhuns, por exemplo, recebeu tr\u00eas UTI M\u00f3veis da atual gest\u00e3o. Vemos um Governo s\u00e9rio e competente, trabalhando em prol do povo\u201d, disse o parlamentar. J\u00e1 a deputada estadual e l\u00edder do Governo na Assembleia Legislativa de Pernambuco (Alepe), Socorro Pimentel, disse que as novas ambul\u00e2ncias &#8220;representam dignidade e respeito para cada pernambucano, al\u00e9m de garantir seguran\u00e7a tanto aos pacientes quanto aos profissionais de sa\u00fade&#8221;.<\/p>\n<p>Acompanharam as entregas o secret\u00e1rio Carlos Braga (Assist\u00eancia Social, Combate \u00e0 Fome e Pol\u00edticas sobre Drogas), Ana Mara\u00edza (Administra\u00e7\u00e3o) e C\u00edcero Moraes (Desenvolvimento Agr\u00e1rio, Agricultura, Pecu\u00e1ria e Pesca). Siga o Instagram @portaledvaldomagalhaes<br \/>\n<span style=\"font-size: revert;\">Foto: Jana\u00edna Pepeu\/Secom<\/span><\/p>\n","protected":false},"excerpt":{"rendered":"<p>Em um trabalho dedicado \u00e0 assist\u00eancia em sa\u00fade, a governadora Raquel Lyra entregou, nesta segunda-feira (19), no Pal\u00e1cio do Campo&hellip;<\/p>\n","protected":false},"author":1,"featured_media":126239,"comment_status":"closed","ping_status":"open","sticky":false,"template":"","format":"standard","meta":{"footnotes":""},"categories":[14122],"tags":[13146,28127,34634],"class_list":["post-126238","post","type-post","status-publish","format-standard","has-post-thumbnail","hentry","category-politica","tag-blog-edvaldo-magalhaes","tag-governadora-raquel-lyra","tag-portal-edvaldo-magalhaes"],"_links":{"self":[{"href":"https:\/\/blogdoedvaldomagalhaes.com.br\/index.php\/wp-json\/wp\/v2\/posts\/126238","targetHints":{"allow":["GET"]}}],"collection":[{"href":"https:\/\/blogdoedvaldomagalhaes.com.br\/index.php\/wp-json\/wp\/v2\/posts"}],"about":[{"href":"https:\/\/blogdoedvaldomagalhaes.com.br\/index.php\/wp-json\/wp\/v2\/types\/post"}],"author":[{"embeddable":true,"href":"https:\/\/blogdoedvaldomagalhaes.com.br\/index.php\/wp-json\/wp\/v2\/users\/1"}],"replies":[{"embeddable":true,"href":"https:\/\/blogdoedvaldomagalhaes.com.br\/index.php\/wp-json\/wp\/v2\/comments?post=126238"}],"version-history":[{"count":1,"href":"https:\/\/blogdoedvaldomagalhaes.com.br\/index.php\/wp-json\/wp\/v2\/posts\/126238\/revisions"}],"predecessor-version":[{"id":126240,"href":"https:\/\/blogdoedvaldomagalhaes.com.br\/index.php\/wp-json\/wp\/v2\/posts\/126238\/revisions\/126240"}],"wp:featuredmedia":[{"embeddable":true,"href":"https:\/\/blogdoedvaldomagalhaes.com.br\/index.php\/wp-json\/wp\/v2\/media\/126239"}],"wp:attachment":[{"href":"https:\/\/blogdoedvaldomagalhaes.com.br\/index.php\/wp-json\/wp\/v2\/media?parent=126238"}],"wp:term":[{"taxonomy":"category","embeddable":true,"href":"https:\/\/blogdoedvaldomagalhaes.com.br\/index.php\/wp-json\/wp\/v2\/categories?post=126238"},{"taxonomy":"post_tag","embeddable":true,"href":"https:\/\/blogdoedvaldomagalhaes.com.br\/index.php\/wp-json\/wp\/v2\/tags?post=126238"}],"curies":[{"name":"wp","href":"https:\/\/api.w.org\/{rel}","templated":true}]}}