{"id":126233,"date":"2026-01-19T18:19:03","date_gmt":"2026-01-19T21:19:03","guid":{"rendered":"https:\/\/blogdoedvaldomagalhaes.com.br\/?p=126233"},"modified":"2026-01-19T18:24:29","modified_gmt":"2026-01-19T21:24:29","slug":"jovem-gravida-morre-apos-companheiro-perder-controle-e-moto-cair-na-pista","status":"publish","type":"post","link":"https:\/\/blogdoedvaldomagalhaes.com.br\/index.php\/2026\/01\/19\/jovem-gravida-morre-apos-companheiro-perder-controle-e-moto-cair-na-pista\/","title":{"rendered":"Jovem gr\u00e1vida morre ap\u00f3s companheiro perder controle de moto e cair na pista"},"content":{"rendered":"<p>Na noite deste domingo (18), um grave acidente com v\u00edtima fatal foi registrado na Vila Peladas, zona rural de Caruaru. Uma jovem que estava gr\u00e1vida em uma motocicleta com o esposo n\u00e3o resistiu ao impacto e morreu na hora. A v\u00edtima, Ismaelly Andreza, 25 anos, residia na vila Peladas e ainda n\u00e3o se sabe a causa do acidente. \u00a0<br \/>O marido foi socorrido e encaminhado para uma unidade de sa\u00fade, em Caruaru. At\u00e9 o momento, n\u00e3o h\u00e1 informa\u00e7\u00f5es atualizadas sobre o estado de sa\u00fade. As causas do acidente seguem sendo investigadas, pela pol\u00edcia, o corpo da jovem foi encaminhado para o IML, aqui em caruaru. \u00a0\u00a0<br \/>Siga o Instagram @portaledvaldomagalhaes. \u00a0\u00a0<br \/>Foto: Reprodu\u00e7\u00e3o\u00a0<\/p>\n\n\n<p><\/p>\n","protected":false},"excerpt":{"rendered":"<p>Na noite deste domingo (18), um grave acidente com v\u00edtima fatal foi registrado na Vila Peladas, zona rural de Caruaru.&hellip;<\/p>\n","protected":false},"author":1,"featured_media":126235,"comment_status":"closed","ping_status":"open","sticky":false,"template":"","format":"standard","meta":{"footnotes":""},"categories":[14121],"tags":[14276,13146,35680,34634],"class_list":["post-126233","post","type-post","status-publish","format-standard","has-post-thumbnail","hentry","category-policial","tag-acidente","tag-blog-edvaldo-magalhaes","tag-jovem-gravida-morre-apos-companheiro-perder-controle-e-moto-cair-na-pista","tag-portal-edvaldo-magalhaes"],"_links":{"self":[{"href":"https:\/\/blogdoedvaldomagalhaes.com.br\/index.php\/wp-json\/wp\/v2\/posts\/126233","targetHints":{"allow":["GET"]}}],"collection":[{"href":"https:\/\/blogdoedvaldomagalhaes.com.br\/index.php\/wp-json\/wp\/v2\/posts"}],"about":[{"href":"https:\/\/blogdoedvaldomagalhaes.com.br\/index.php\/wp-json\/wp\/v2\/types\/post"}],"author":[{"embeddable":true,"href":"https:\/\/blogdoedvaldomagalhaes.com.br\/index.php\/wp-json\/wp\/v2\/users\/1"}],"replies":[{"embeddable":true,"href":"https:\/\/blogdoedvaldomagalhaes.com.br\/index.php\/wp-json\/wp\/v2\/comments?post=126233"}],"version-history":[{"count":2,"href":"https:\/\/blogdoedvaldomagalhaes.com.br\/index.php\/wp-json\/wp\/v2\/posts\/126233\/revisions"}],"predecessor-version":[{"id":126237,"href":"https:\/\/blogdoedvaldomagalhaes.com.br\/index.php\/wp-json\/wp\/v2\/posts\/126233\/revisions\/126237"}],"wp:featuredmedia":[{"embeddable":true,"href":"https:\/\/blogdoedvaldomagalhaes.com.br\/index.php\/wp-json\/wp\/v2\/media\/126235"}],"wp:attachment":[{"href":"https:\/\/blogdoedvaldomagalhaes.com.br\/index.php\/wp-json\/wp\/v2\/media?parent=126233"}],"wp:term":[{"taxonomy":"category","embeddable":true,"href":"https:\/\/blogdoedvaldomagalhaes.com.br\/index.php\/wp-json\/wp\/v2\/categories?post=126233"},{"taxonomy":"post_tag","embeddable":true,"href":"https:\/\/blogdoedvaldomagalhaes.com.br\/index.php\/wp-json\/wp\/v2\/tags?post=126233"}],"curies":[{"name":"wp","href":"https:\/\/api.w.org\/{rel}","templated":true}]}}