{"id":126227,"date":"2026-01-19T16:37:48","date_gmt":"2026-01-19T19:37:48","guid":{"rendered":"https:\/\/blogdoedvaldomagalhaes.com.br\/?p=126227"},"modified":"2026-01-19T16:37:48","modified_gmt":"2026-01-19T19:37:48","slug":"mutirao-de-servicos-integrados-comecam-a-transformar-o-nina-liberato-em-caruaru","status":"publish","type":"post","link":"https:\/\/blogdoedvaldomagalhaes.com.br\/index.php\/2026\/01\/19\/mutirao-de-servicos-integrados-comecam-a-transformar-o-nina-liberato-em-caruaru\/","title":{"rendered":"Mutir\u00e3o de servi\u00e7os integrados come\u00e7am a transformar o Nina Liberato, em Caruaru"},"content":{"rendered":"<p><span style=\"font-size: revert;\">Teve in\u00edcio, nesta segunda-feira (19), o \u201cPrefeitura na Porta\u201d no bairro Nina Liberato, em Caruaru, atendendo a uma demanda dos moradores por limpeza, manuten\u00e7\u00e3o e zeladoria urbana. J\u00e1 no primeiro dia, as equipes atuaram em diversos pontos do bairro, promovendo melhorias imediatas nos espa\u00e7os p\u00fablicos.<\/span><\/p>\n<p>\u201cEssa \u00e9 a primeira a\u00e7\u00e3o desse porte que a Prefeitura est\u00e1 fazendo, tem muito trabalho para se fazer e a gente fica muito feliz de ver a secretaria aqui. A expectativa \u00e9 gigante. Quando a gente viu os caminh\u00f5es chegando, foi muito bom, a equipe chegando, o trabalho acontecendo, e hoje \u00e9 apenas o primeiro dia\u201d, comemorou Aline Costa, moradora do bairro h\u00e1 8 anos.<\/p>\n<p>Os trabalhos seguem no bairro at\u00e9 a conclus\u00e3o de todos os servi\u00e7os previstos, garantindo que as melhorias sejam efetivas. Para isto, \u00e9 preciso o apoio da popula\u00e7\u00e3o, como explica Adriana Mendes, que mora no Nina Liberato h\u00e1 11 anos: \u201cMuitas vezes, o pr\u00f3prio morador n\u00e3o colabora, a Prefeitura faz e o pessoal torna a sujar. Mas fico muito feliz de ver os servi\u00e7os chegando aqui, porque \u00e9 um bairro distante e carente, que precisa desse cuidado\u201d. \u00a0 \u00a0<br \/>Siga o Instagram @portaledvaldomagalhaes<br \/><span style=\"font-size: revert;\">Foto: Rafael Moreira<\/span><\/p>\n\n\n<p><\/p>\n","protected":false},"excerpt":{"rendered":"<p>Teve in\u00edcio, nesta segunda-feira (19), o \u201cPrefeitura na Porta\u201d no bairro Nina Liberato, em Caruaru, atendendo a uma demanda dos&hellip;<\/p>\n","protected":false},"author":1,"featured_media":126228,"comment_status":"closed","ping_status":"open","sticky":false,"template":"","format":"standard","meta":{"footnotes":""},"categories":[14120],"tags":[13146,35679,34634],"class_list":["post-126227","post","type-post","status-publish","format-standard","has-post-thumbnail","hentry","category-noticias","tag-blog-edvaldo-magalhaes","tag-mutirao-de-servicos-integrados-comecam-a-transformar-o-bairro-nina-liberato-em-caruaru","tag-portal-edvaldo-magalhaes"],"_links":{"self":[{"href":"https:\/\/blogdoedvaldomagalhaes.com.br\/index.php\/wp-json\/wp\/v2\/posts\/126227","targetHints":{"allow":["GET"]}}],"collection":[{"href":"https:\/\/blogdoedvaldomagalhaes.com.br\/index.php\/wp-json\/wp\/v2\/posts"}],"about":[{"href":"https:\/\/blogdoedvaldomagalhaes.com.br\/index.php\/wp-json\/wp\/v2\/types\/post"}],"author":[{"embeddable":true,"href":"https:\/\/blogdoedvaldomagalhaes.com.br\/index.php\/wp-json\/wp\/v2\/users\/1"}],"replies":[{"embeddable":true,"href":"https:\/\/blogdoedvaldomagalhaes.com.br\/index.php\/wp-json\/wp\/v2\/comments?post=126227"}],"version-history":[{"count":1,"href":"https:\/\/blogdoedvaldomagalhaes.com.br\/index.php\/wp-json\/wp\/v2\/posts\/126227\/revisions"}],"predecessor-version":[{"id":126229,"href":"https:\/\/blogdoedvaldomagalhaes.com.br\/index.php\/wp-json\/wp\/v2\/posts\/126227\/revisions\/126229"}],"wp:featuredmedia":[{"embeddable":true,"href":"https:\/\/blogdoedvaldomagalhaes.com.br\/index.php\/wp-json\/wp\/v2\/media\/126228"}],"wp:attachment":[{"href":"https:\/\/blogdoedvaldomagalhaes.com.br\/index.php\/wp-json\/wp\/v2\/media?parent=126227"}],"wp:term":[{"taxonomy":"category","embeddable":true,"href":"https:\/\/blogdoedvaldomagalhaes.com.br\/index.php\/wp-json\/wp\/v2\/categories?post=126227"},{"taxonomy":"post_tag","embeddable":true,"href":"https:\/\/blogdoedvaldomagalhaes.com.br\/index.php\/wp-json\/wp\/v2\/tags?post=126227"}],"curies":[{"name":"wp","href":"https:\/\/api.w.org\/{rel}","templated":true}]}}