{"id":126224,"date":"2026-01-19T16:14:13","date_gmt":"2026-01-19T19:14:13","guid":{"rendered":"https:\/\/blogdoedvaldomagalhaes.com.br\/?p=126224"},"modified":"2026-01-19T16:14:13","modified_gmt":"2026-01-19T19:14:13","slug":"no-dia-mundial-do-terapeuta-ocupacional-hse-registra-aumento-significativo-no-numero-de-atendimentos-em-2025","status":"publish","type":"post","link":"https:\/\/blogdoedvaldomagalhaes.com.br\/index.php\/2026\/01\/19\/no-dia-mundial-do-terapeuta-ocupacional-hse-registra-aumento-significativo-no-numero-de-atendimentos-em-2025\/","title":{"rendered":"No Dia Mundial do Terapeuta Ocupacional, HSE registra aumento significativo no n\u00famero de atendimentos em 2025"},"content":{"rendered":"<p>_O n\u00famero cresceu de 2.276 para 7.171, devido ao in\u00edcio dos atendimentos no ambulat\u00f3rio neurodivergente e na enfermaria, ambos em 2024._<\/p>\n<p>No Dia Mundial do Terapeuta Ocupacional, 19 de janeiro, o Hospital dos Servidores do Estado registra uma alta no n\u00famero de atendimentos neste servi\u00e7o em 2025. Foram 7.171 contra 2.276 em 2024. O incremento se deve ao in\u00edcio da atua\u00e7\u00e3o das TOs no ambulat\u00f3rio neurodivergente e na enfermaria, al\u00e9m do ambulat\u00f3rio central.<\/p>\n<p>A Terapia Ocupacional busca promover autonomia, independ\u00eancia e qualidade de vida, ajudando as pessoas com dificuldades f\u00edsicas, cognitivas ou emocionais a realizarem atividades di\u00e1rias e sociais, atrav\u00e9s da reabilita\u00e7\u00e3o e adapta\u00e7\u00e3o ao ambiente. De acordo com a terapeuta, Pl\u00ednia Manuela de Santana, que atua no ambulat\u00f3rio neurodivergente, as sess\u00f5es s\u00e3o indicadas para qualquer pessoa que n\u00e3o esteja conseguindo se engajar nas suas ocupa\u00e7\u00f5es. \u201cUma crian\u00e7a, por exemplo, que tem dificuldade para tomar banho, ela \u00e9 orientada a faz\u00ea-lo. Pensamos em facilita\u00e7\u00f5es para que esse banho aconte\u00e7a. Tamb\u00e9m um idoso, que antes era independente, mas devido a um acidente ficou com os movimentos dos membros superiores comprometidos, ele passa por uma avalia\u00e7\u00e3o minuciosa junto \u00e0 fam\u00edlia, para iniciar as sess\u00f5es e voltar com as atividades di\u00e1rias\u201d, explica a TO.<\/p>\n<p>Entre os benef\u00edcios que a terapia proporciona aos pacientes, segundo as profissionais, est\u00e3o: o desenvolvimento e o fortalecimento de habilidades motoras globais e finas; intera\u00e7\u00e3o social e comunica\u00e7\u00e3o; organiza\u00e7\u00e3o do comportamento e regula\u00e7\u00e3o emocional; al\u00e9m de independ\u00eancia nas atividades da vida di\u00e1ria. \u201cTreinamos amarrar os cadar\u00e7os, uso dos talheres, pentear os cabelos e escovar os dentes, entre tantos outros. Para a maioria estas a\u00e7\u00f5es s\u00e3o corriqueiras e autom\u00e1ticas. Mas para algumas crian\u00e7as neurodivergentes existe grande dificuldade\u201d, ressalta a outra TO, Renata Times.<\/p>\n<p>Para os pais das crian\u00e7as atendidas, as TOs s\u00e3o os divisores de \u00e1gua no dia a dia. \u201cEu cheguei no hospital para fazer as terapias com ar de louca, minha filha s\u00f3 fazia chorar, n\u00e3o fazia praticamente nada sem chorar, eu n\u00e3o conseguia dar banho nela direito, n\u00e3o se alimentava bem, n\u00e3o se expressava. Foi a\u00ed que chegou o dia de viver o divisor de \u00e1guas. Depois das terapias ocupacionais, consegui dar banho e dar a alimenta\u00e7\u00e3o sem muito choro, colamos figuras nas paredes, aprendemos a fazer daquele momento de sofrimento para ela um momento agrad\u00e1vel\u201d, revela Fabiely Lima, m\u00e3e de Kevelly Lu\u00edsa, de quatro anos.<\/p>\n<p>Outra dificuldade comum entre os menores \u00e9 a escova\u00e7\u00e3o dos dentes. Foi o que ocorreu com a filha de 05 anos, de Arlene Luzanira de Lima. \u201cA t\u00e9cnica que a terapeuta utiliza eu n\u00e3o sei, mas ela tem toda paci\u00eancia, acho que mostra a escova\u00e7\u00e3o nos dentes nos bichinhos e usa o espelho. Lav\u00ednia melhorou bastante a sensibilidade na escova\u00e7\u00e3o\u201d, conta satisfeita, Arlene.<\/p>\n<p>As marca\u00e7\u00f5es de consultas no ambulat\u00f3rio neurodivergente, que fica no Centro de Reabilita\u00e7\u00e3o Funcional e Cognitiva, podem ser feitas atrav\u00e9s do n\u00famero 4020-2616 ou atrav\u00e9s do site www.agendasassepe.com.br .<br \/><span style=\"font-size: revert;\">Siga o Instagram @portaledvaldomagalhaes<br \/>Foto: Divulga\u00e7\u00e3o \/ ambulat\u00f3rio neurodivergente<\/span><\/p>\n\n\n<p><\/p>\n","protected":false},"excerpt":{"rendered":"<p>_O n\u00famero cresceu de 2.276 para 7.171, devido ao in\u00edcio dos atendimentos no ambulat\u00f3rio neurodivergente e na enfermaria, ambos em&hellip;<\/p>\n","protected":false},"author":1,"featured_media":126225,"comment_status":"closed","ping_status":"open","sticky":false,"template":"","format":"standard","meta":{"footnotes":""},"categories":[14120],"tags":[13146,35678,34634],"class_list":["post-126224","post","type-post","status-publish","format-standard","has-post-thumbnail","hentry","category-noticias","tag-blog-edvaldo-magalhaes","tag-no-dia-mundial-do-terapeuta-ocupacional-hse-registra-aumento-significativo-do-numero-de-atendimentos-em-2025","tag-portal-edvaldo-magalhaes"],"_links":{"self":[{"href":"https:\/\/blogdoedvaldomagalhaes.com.br\/index.php\/wp-json\/wp\/v2\/posts\/126224","targetHints":{"allow":["GET"]}}],"collection":[{"href":"https:\/\/blogdoedvaldomagalhaes.com.br\/index.php\/wp-json\/wp\/v2\/posts"}],"about":[{"href":"https:\/\/blogdoedvaldomagalhaes.com.br\/index.php\/wp-json\/wp\/v2\/types\/post"}],"author":[{"embeddable":true,"href":"https:\/\/blogdoedvaldomagalhaes.com.br\/index.php\/wp-json\/wp\/v2\/users\/1"}],"replies":[{"embeddable":true,"href":"https:\/\/blogdoedvaldomagalhaes.com.br\/index.php\/wp-json\/wp\/v2\/comments?post=126224"}],"version-history":[{"count":1,"href":"https:\/\/blogdoedvaldomagalhaes.com.br\/index.php\/wp-json\/wp\/v2\/posts\/126224\/revisions"}],"predecessor-version":[{"id":126226,"href":"https:\/\/blogdoedvaldomagalhaes.com.br\/index.php\/wp-json\/wp\/v2\/posts\/126224\/revisions\/126226"}],"wp:featuredmedia":[{"embeddable":true,"href":"https:\/\/blogdoedvaldomagalhaes.com.br\/index.php\/wp-json\/wp\/v2\/media\/126225"}],"wp:attachment":[{"href":"https:\/\/blogdoedvaldomagalhaes.com.br\/index.php\/wp-json\/wp\/v2\/media?parent=126224"}],"wp:term":[{"taxonomy":"category","embeddable":true,"href":"https:\/\/blogdoedvaldomagalhaes.com.br\/index.php\/wp-json\/wp\/v2\/categories?post=126224"},{"taxonomy":"post_tag","embeddable":true,"href":"https:\/\/blogdoedvaldomagalhaes.com.br\/index.php\/wp-json\/wp\/v2\/tags?post=126224"}],"curies":[{"name":"wp","href":"https:\/\/api.w.org\/{rel}","templated":true}]}}