{"id":126221,"date":"2026-01-19T15:44:22","date_gmt":"2026-01-19T18:44:22","guid":{"rendered":"https:\/\/blogdoedvaldomagalhaes.com.br\/?p=126221"},"modified":"2026-01-19T15:44:22","modified_gmt":"2026-01-19T18:44:22","slug":"olinda-e-caruaru-recebem-cursos-gratuitos-do-ntcpe-neste-mes-de-janeiro","status":"publish","type":"post","link":"https:\/\/blogdoedvaldomagalhaes.com.br\/index.php\/2026\/01\/19\/olinda-e-caruaru-recebem-cursos-gratuitos-do-ntcpe-neste-mes-de-janeiro\/","title":{"rendered":"Olinda e Caruaru recebem cursos gratuitos do NTCPE, neste m\u00eas de janeiro"},"content":{"rendered":"<p><span style=\"font-size: revert;\">_Forma\u00e7\u00f5es voltadas para a cadeia de moda acontecem a partir de quinta-feira (22\/01), nas \u00e1reas de gest\u00e3o, marketing e produ\u00e7\u00e3o_<\/span><\/p>\n<p>Para os empreendedores de moda de Pernambuco, todo in\u00edcio de ano tem como um de seus principais objetivos o planejamento das a\u00e7\u00f5es que v\u00e3o ditar as regras internas no decorrer dos meses. Tudo pensando no desenvolvimento estrat\u00e9gico e fortalecimento das marcas. Para auxiliar as empresas, o NTCPE realiza, mensalmente, cursos voltados para essa finalidade. Neste m\u00eas de janeiro, as forma\u00e7\u00f5es gratuitas oferecidas ser\u00e3o realizadas em Olinda, na RMR, e em Caruaru, no Agreste.<\/p>\n<p>Em Olinda, ser\u00e3o realizados os cursos b\u00e1sicos de *\u201cT\u00e9cnicas de Gest\u00e3o de Tempo para criadores e criativos\u201d*, ministrado por Fl\u00e1via Azevedo, e *\u201cAplicando Intelig\u00eancia Artificial no Marketing de Moda\u201d*, com Anderson George. O primeiro acontece nos dias 22 e 23, das 8h \u00e0s 17h, e o segundo nos dias 27 e 28, tamb\u00e9m das 8h \u00e0s 17h. Ambos ser\u00e3o no Marco Pernambucano da Moda, localizado no Mercado Eufr\u00e1sio Barbosa.<\/p>\n<p>J\u00e1 Caruaru ter\u00e1 o curso b\u00e1sico de *\u201cAcabamento e Limpeza de Pe\u00e7as de Vestu\u00e1rio na Costura Industrial\u201d*, fundamental para aperfei\u00e7oar a qualidade das pe\u00e7as. A forma\u00e7\u00e3o ser\u00e1 com Jos\u00e9 Adilson, do dia 20 ao dia 23, sempre das 13h \u00e0s 17h. As aulas ser\u00e3o na sede do NTCPE, que fica na Avenida Visconde de Inha\u00fama, 107, no bairro Maur\u00edcio de Nassau.<\/p>\n<p>*N\u00fameros de 2025* \u2013 Um dos objetivos do N\u00facleo Gestor da Cadeia T\u00eaxtil e de Confec\u00e7\u00f5es em PE \u00e9 promover o crescimento das marcas por meio de mecanismos que possibilitem a capacita\u00e7\u00e3o tanto da m\u00e3o de obra quanto dos processos de gest\u00e3o de vendas e de e marketing, por exemplo. Os dados do ano passado mostram esse compromisso. De janeiro a dezembro, mais de 3.400 pessoas se inscreveram nos cursos do NTCPE. Destas, cerca de 2.500 conclu\u00edram as forma\u00e7\u00f5es.<\/p>\n<p>\u201cO NTCPE tem um papel fundamental na transforma\u00e7\u00e3o da cadeia de confec\u00e7\u00f5es do nosso estado, ao levar capacita\u00e7\u00e3o, conhecimento e inova\u00e7\u00e3o diretamente para os empreendedores e trabalhadores do setor. Quando oferecemos cursos gratuitos em \u00e1reas como gest\u00e3o, marketing, produ\u00e7\u00e3o e novas tecnologias, estamos fortalecendo as empresas, melhorando a qualidade dos produtos e preparando o setor para um mercado cada vez mais competitivo. Os n\u00fameros de 2025 mostram esse impacto: milhares de pessoas capacitadas e prontas para aplicar, na pr\u00e1tica, o que aprenderam. Esse \u00e9 o caminho para tornar a moda pernambucana mais profissional, sustent\u00e1vel e com maior valor agregado\u201d, ressalta Pedro Miranda, diretor-presidente do NTCPE.<\/p>\n<p>*NTCPE* \u2013 Organiza\u00e7\u00e3o social privada, gestora do Marco Pernambucano da Moda, \u00e9 um dos mais fortes interlocutores dos setores da moda e da ind\u00fastria de confec\u00e7\u00f5es do Estado. Tem a miss\u00e3o de promover a inova\u00e7\u00e3o, coopera\u00e7\u00e3o e interc\u00e2mbio de informa\u00e7\u00f5es entre empresas do segmento, poder p\u00fablico, academia e entidades de apoio e fomento. Com apoio de parceiros, como o Governo de Pernambuco, atrav\u00e9s da Secretaria Estadual de Desenvolvimento Econ\u00f4mico, compartilha e soma iniciativas entre o setor produtivo, universidades e entidades de fomento e suporte para ampliar a inser\u00e7\u00e3o do segmento nos mercados nacional e internacional. H\u00e1 unidades em Olinda (Mercado Eufr\u00e1sio Barbosa, Largo do Varadouro, s\/n, Varadouro) e Caruaru (Rua Visconde de Inha\u00fama, 107, Maur\u00edcio de Nassau).<br \/>\nSiga o Instagram @portaledvaldomagalhaes.<br \/>\nFoto: Diana Grystku para Freepik<\/p>\n","protected":false},"excerpt":{"rendered":"<p>_Forma\u00e7\u00f5es voltadas para a cadeia de moda acontecem a partir de quinta-feira (22\/01), nas \u00e1reas de gest\u00e3o, marketing e produ\u00e7\u00e3o_&hellip;<\/p>\n","protected":false},"author":1,"featured_media":126222,"comment_status":"closed","ping_status":"open","sticky":false,"template":"","format":"standard","meta":{"footnotes":""},"categories":[14120],"tags":[13146,34634],"class_list":["post-126221","post","type-post","status-publish","format-standard","has-post-thumbnail","hentry","category-noticias","tag-blog-edvaldo-magalhaes","tag-portal-edvaldo-magalhaes"],"_links":{"self":[{"href":"https:\/\/blogdoedvaldomagalhaes.com.br\/index.php\/wp-json\/wp\/v2\/posts\/126221","targetHints":{"allow":["GET"]}}],"collection":[{"href":"https:\/\/blogdoedvaldomagalhaes.com.br\/index.php\/wp-json\/wp\/v2\/posts"}],"about":[{"href":"https:\/\/blogdoedvaldomagalhaes.com.br\/index.php\/wp-json\/wp\/v2\/types\/post"}],"author":[{"embeddable":true,"href":"https:\/\/blogdoedvaldomagalhaes.com.br\/index.php\/wp-json\/wp\/v2\/users\/1"}],"replies":[{"embeddable":true,"href":"https:\/\/blogdoedvaldomagalhaes.com.br\/index.php\/wp-json\/wp\/v2\/comments?post=126221"}],"version-history":[{"count":1,"href":"https:\/\/blogdoedvaldomagalhaes.com.br\/index.php\/wp-json\/wp\/v2\/posts\/126221\/revisions"}],"predecessor-version":[{"id":126223,"href":"https:\/\/blogdoedvaldomagalhaes.com.br\/index.php\/wp-json\/wp\/v2\/posts\/126221\/revisions\/126223"}],"wp:featuredmedia":[{"embeddable":true,"href":"https:\/\/blogdoedvaldomagalhaes.com.br\/index.php\/wp-json\/wp\/v2\/media\/126222"}],"wp:attachment":[{"href":"https:\/\/blogdoedvaldomagalhaes.com.br\/index.php\/wp-json\/wp\/v2\/media?parent=126221"}],"wp:term":[{"taxonomy":"category","embeddable":true,"href":"https:\/\/blogdoedvaldomagalhaes.com.br\/index.php\/wp-json\/wp\/v2\/categories?post=126221"},{"taxonomy":"post_tag","embeddable":true,"href":"https:\/\/blogdoedvaldomagalhaes.com.br\/index.php\/wp-json\/wp\/v2\/tags?post=126221"}],"curies":[{"name":"wp","href":"https:\/\/api.w.org\/{rel}","templated":true}]}}