{"id":126219,"date":"2026-01-19T10:09:13","date_gmt":"2026-01-19T13:09:13","guid":{"rendered":"https:\/\/blogdoedvaldomagalhaes.com.br\/?p=126219"},"modified":"2026-01-19T10:09:13","modified_gmt":"2026-01-19T13:09:13","slug":"rodoviaria-caruaruense-o-fim-de-uma-era-o-legado-de-um-povo-por-jose-fernando","status":"publish","type":"post","link":"https:\/\/blogdoedvaldomagalhaes.com.br\/index.php\/2026\/01\/19\/rodoviaria-caruaruense-o-fim-de-uma-era-o-legado-de-um-povo-por-jose-fernando\/","title":{"rendered":"Rodovi\u00e1ria Caruaruense: o fim de uma era, o legado de um povo &#8211; por Jos\u00e9 Fernando"},"content":{"rendered":"<p>Por Jos\u00e9 Fernando Santos de Souza<br \/>\nJuiz de Direito Aposentado do TJPE, Advogado (OAB\/PE 68.040) e Pr\u00e9-candidato a Deputado Federal<br \/>\nH\u00e1 momentos na hist\u00f3ria de uma cidade em que o encerramento de uma atividade empresarial transcende os limites do mercado e atinge profundamente a alma coletiva de um povo. \u00c9 o que ocorre agora com o an\u00fancio do encerramento definitivo das atividades da Rodovi\u00e1ria Logo Caruaruense, ap\u00f3s mais de seis d\u00e9cadas de servi\u00e7os ininterruptos prestados a Pernambuco.<br \/>\nEm novembro de 1959, quando os empres\u00e1rios Abdias Vescenslau da Silva, Ed\u00e9cio Francisco de Melo e Jos\u00e9 Victor de Albuquerque fundaram a Rodovi\u00e1ria Caruaruense, Caruaru ainda ensaiava seus primeiros passos rumo \u00e0 consolida\u00e7\u00e3o como Capital do Agreste. A ferrovia, que havia chegado em 1896, j\u00e1 n\u00e3o bastava para atender \u00e0s demandas de uma cidade cuja voca\u00e7\u00e3o comercial e de integra\u00e7\u00e3o regional se mostrava cada vez mais evidente. Era preciso algo novo, algo que pudesse alcan\u00e7ar os recantos mais distantes do Agreste e conectar nosso povo \u00e0s oportunidades que se descortinavam no horizonte.<br \/>\nA Caruaruense, como carinhosamente passou a ser chamada, nasceu para cumprir essa miss\u00e3o hist\u00f3rica.<br \/>\nO Vision\u00e1rio Jo\u00e3o Lyra Filho<br \/>\nPosteriormente adquirida por Jo\u00e3o Lyra Filho, natural de Lagoa dos Gatos, a empresa encontrou em suas m\u00e3os a vis\u00e3o necess\u00e1ria para transformar-se de uma simples transportadora em verdadeiro s\u00edmbolo de conex\u00e3o e desenvolvimento regional. Jo\u00e3o Lyra Filho, que come\u00e7ou a vida como caixeiro de balc\u00e3o, feirante e caminhoneiro, enxergou no transporte de passageiros n\u00e3o apenas um neg\u00f3cio, mas o sistema circulat\u00f3rio que faria pulsar a economia do interior pernambucano.<br \/>\nSob sua gest\u00e3o e, posteriormente, de seus sucessores, a Caruaruense expandiu suas rotas, conectando Caruaru ao Recife, a Santa Cruz do Capibaribe, Toritama, Bezerros, Gravat\u00e1, S\u00e3o Caetano, Vit\u00f3ria de Santo Ant\u00e3o e tantos outros munic\u00edpios que comp\u00f5em o mosaico humano e econ\u00f4mico do nosso Agreste.<br \/>\nMais que Uma Empresa: Um Patrim\u00f4nio Afetivo<br \/>\nQuem, como eu, dedicou quase sete anos de sua vida percorrendo os 42 munic\u00edpios da regi\u00e3o do Agreste como Juiz Regional da Inf\u00e2ncia e Juventude, sabe bem o que representava avistar um \u00f4nibus da Caruaruense nas estradas poeirentas do interior. Era a certeza de que, por mais distante que estivesse a comunidade, havia uma ponte que a ligava ao resto do mundo.<br \/>\nPara o trabalhador rural de Belo Jardim que precisava chegar ao hospital em Caruaru, para o estudante de Pesqueira que sonhava com a universidade no Recife, para a m\u00e3e de Arcoverde que ansiava por abra\u00e7ar o filho que trabalhava na capital, a Caruaruense n\u00e3o era apenas um meio de transporte \u2014 era a materializa\u00e7\u00e3o da esperan\u00e7a, a garantia de que a dist\u00e2ncia n\u00e3o seria impedimento para a realiza\u00e7\u00e3o dos sonhos.<br \/>\nQuantas hist\u00f3rias aqueles \u00f4nibus transportaram ao longo de mais de sessenta anos! Quantos reencontros, quantas despedidas, quantas l\u00e1grimas de saudade e de alegria testemunharam! A Caruaruense fez parte da mem\u00f3ria afetiva de gera\u00e7\u00f5es de pernambucanos. Foi companheira silenciosa de momentos decisivos na vida de milhares de fam\u00edlias.<br \/>\nO Reconhecimento aos Propriet\u00e1rios<br \/>\nNeste momento de despedida, \u00e9 imperioso reconhecer os esfor\u00e7os herc\u00faleos empreendidos pelos propriet\u00e1rios da empresa para mant\u00ea-la em funcionamento, mesmo diante das adversidades que h\u00e1 muito assolam o setor de transporte rodovi\u00e1rio de passageiros no Brasil.<br \/>\nO desequil\u00edbrio econ\u00f4mico-financeiro que levou ao encerramento das atividades n\u00e3o surgiu da noite para o dia. Foi resultado de uma tempestade perfeita que se abateu sobre o setor: a concorr\u00eancia desleal do transporte clandestino, o aumento exponencial dos custos operacionais, a dificuldade de renova\u00e7\u00e3o de frota, os impactos devastadores da pandemia de COVID-19 que alteraram permanentemente os padr\u00f5es de mobilidade da popula\u00e7\u00e3o, e a aus\u00eancia de pol\u00edticas p\u00fablicas efetivas de apoio ao transporte coletivo intermunicipal.<br \/>\nManter uma empresa de transporte funcionando nesse cen\u00e1rio adverso, por tanto tempo, garantindo empregos e prestando servi\u00e7o p\u00fablico essencial, \u00e9 digno de reconhecimento e gratid\u00e3o. Os propriet\u00e1rios da Caruaruense, ao longo de d\u00e9cadas, n\u00e3o apenas gerenciaram uma empresa \u2014 carregaram sobre os ombros a responsabilidade de manter viva uma art\u00e9ria fundamental para a integra\u00e7\u00e3o do Agreste pernambucano.<br \/>\nA Postura Digna no Encerramento<br \/>\nMerece destaque especial a postura \u00e9tica e respons\u00e1vel adotada pela empresa no momento do encerramento de suas atividades. Ao garantir o pagamento integral dos direitos trabalhistas de todos os colaboradores e o cumprimento rigoroso das obriga\u00e7\u00f5es tribut\u00e1rias, a Caruaruense encerra sua trajet\u00f3ria da mesma forma como a conduziu ao longo de mais de seis d\u00e9cadas: com seriedade, responsabilidade e respeito \u00e0s pessoas.<br \/>\nEm tempos em que tantas empresas encerram suas atividades deixando para tr\u00e1s um rastro de trabalhadores desamparados e d\u00edvidas impag\u00e1veis, a conduta da Caruaruense deve ser registrada como exemplo de compromisso \u00e9tico empresarial.<br \/>\nO Legado que Permanece<br \/>\nA Rodovi\u00e1ria Caruaruense encerra suas atividades, mas seu legado permanecer\u00e1 inscrito na hist\u00f3ria de Pernambuco. Foram mais de 66 anos de servi\u00e7os prestados, milh\u00f5es de quil\u00f4metros rodados, milhares de empregos gerados, e uma contribui\u00e7\u00e3o inestim\u00e1vel para que o Agreste sa\u00edsse do isolamento e se tornasse a pot\u00eancia econ\u00f4mica que \u00e9 hoje.<br \/>\nA empresa foi parte fundamental no fortalecimento da Feira de Caruaru, no escoamento da produ\u00e7\u00e3o t\u00eaxtil de Santa Cruz do Capibaribe e Toritama, no impulso ao turismo regional e na circula\u00e7\u00e3o de pessoas em eventos culturais e religiosos que fazem parte da identidade pernambucana.<br \/>\nUma Reflex\u00e3o Necess\u00e1ria<br \/>\nO fim da Caruaruense deve servir como alerta para o poder p\u00fablico e para toda a sociedade. A mobilidade \u00e9 direito fundamental, garantido constitucionalmente. O transporte coletivo intermunicipal cumpre fun\u00e7\u00e3o social indispens\u00e1vel, especialmente para as popula\u00e7\u00f5es de menor renda que n\u00e3o disp\u00f5em de ve\u00edculo pr\u00f3prio.<br \/>\nQuando uma empresa tradicional como a Caruaruense encerra suas atividades, \u00e9 preciso questionar: que pol\u00edticas p\u00fablicas falharam? Que regulamenta\u00e7\u00f5es precisam ser revistas? Como garantir que o vazio deixado n\u00e3o seja preenchido apenas pela clandestinidade e pela precariza\u00e7\u00e3o do servi\u00e7o?<br \/>\nComo pr\u00e9-candidato a Deputado Federal por Pernambuco, comprometo-me a levar essa discuss\u00e3o para o Congresso Nacional. O transporte intermunicipal de passageiros precisa de um novo marco regulat\u00f3rio que equilibre sustentabilidade econ\u00f4mica das empresas, qualidade do servi\u00e7o prestado e acessibilidade tarif\u00e1ria para a popula\u00e7\u00e3o.<br \/>\nGratid\u00e3o Eterna<br \/>\n\u00c0 Rodovi\u00e1ria Caruaruense, aos seus fundadores, aos propriet\u00e1rios que a conduziram ao longo das d\u00e9cadas, aos milhares de motoristas, cobradores, mec\u00e2nicos e funcion\u00e1rios que dedicaram suas vidas a fazer aqueles \u00f4nibus rodarem pelas estradas de Pernambuco, o nosso mais profundo agradecimento.<br \/>\nVoc\u00eas foram muito mais que uma empresa de transporte. Foram construtores de pontes entre pessoas, fam\u00edlias e comunidades. Foram art\u00edfices da integra\u00e7\u00e3o regional. Foram parte essencial da hist\u00f3ria de Caruaru e de Pernambuco.<br \/>\nA Caruaruense parte, mas permanece viva na mem\u00f3ria e no cora\u00e7\u00e3o de todos n\u00f3s que, em algum momento de nossas vidas, embarcamos em seus \u00f4nibus levando sonhos e esperan\u00e7as.<br \/>\nQue Deus aben\u00e7oe e proteja todos aqueles que fizeram parte dessa hist\u00f3ria.<br \/>\nJos\u00e9 Fernando Santos de Souza<br \/>\nJuiz de Direito Aposentado do Tribunal de Justi\u00e7a de Pernambuco<br \/>\nAdvogado \u2014 OAB\/PE 68.040<br \/>\nPresidente da AANE \u2014 Associa\u00e7\u00e3o de Apoio \u00e0s Pessoas com Necessidades Especiais<br \/>\nMembro da Comiss\u00e3o de Direitos Humanos da OAB\/PE<br \/>\nPr\u00e9-candidato a Deputado Federal por Pernambuco (Federa\u00e7\u00e3o PRD\/Solidariedade)<br \/>\nCaruaru, janeiro de 2026.<br \/>\nSiga o Instagram @portaledvaldomagalhaes<br \/>\nFoto: Divulga\u00e7\u00e3o<\/p>\n","protected":false},"excerpt":{"rendered":"<p>Por Jos\u00e9 Fernando Santos de Souza Juiz de Direito Aposentado do TJPE, Advogado (OAB\/PE 68.040) e Pr\u00e9-candidato a Deputado Federal&hellip;<\/p>\n","protected":false},"author":1,"featured_media":126190,"comment_status":"closed","ping_status":"open","sticky":false,"template":"","format":"standard","meta":{"footnotes":""},"categories":[14120],"tags":[13146,35677,34634,35676],"class_list":["post-126219","post","type-post","status-publish","format-standard","has-post-thumbnail","hentry","category-noticias","tag-blog-edvaldo-magalhaes","tag-jose-fernando","tag-portal-edvaldo-magalhaes","tag-rodoviaria-caruaruense"],"_links":{"self":[{"href":"https:\/\/blogdoedvaldomagalhaes.com.br\/index.php\/wp-json\/wp\/v2\/posts\/126219","targetHints":{"allow":["GET"]}}],"collection":[{"href":"https:\/\/blogdoedvaldomagalhaes.com.br\/index.php\/wp-json\/wp\/v2\/posts"}],"about":[{"href":"https:\/\/blogdoedvaldomagalhaes.com.br\/index.php\/wp-json\/wp\/v2\/types\/post"}],"author":[{"embeddable":true,"href":"https:\/\/blogdoedvaldomagalhaes.com.br\/index.php\/wp-json\/wp\/v2\/users\/1"}],"replies":[{"embeddable":true,"href":"https:\/\/blogdoedvaldomagalhaes.com.br\/index.php\/wp-json\/wp\/v2\/comments?post=126219"}],"version-history":[{"count":1,"href":"https:\/\/blogdoedvaldomagalhaes.com.br\/index.php\/wp-json\/wp\/v2\/posts\/126219\/revisions"}],"predecessor-version":[{"id":126220,"href":"https:\/\/blogdoedvaldomagalhaes.com.br\/index.php\/wp-json\/wp\/v2\/posts\/126219\/revisions\/126220"}],"wp:featuredmedia":[{"embeddable":true,"href":"https:\/\/blogdoedvaldomagalhaes.com.br\/index.php\/wp-json\/wp\/v2\/media\/126190"}],"wp:attachment":[{"href":"https:\/\/blogdoedvaldomagalhaes.com.br\/index.php\/wp-json\/wp\/v2\/media?parent=126219"}],"wp:term":[{"taxonomy":"category","embeddable":true,"href":"https:\/\/blogdoedvaldomagalhaes.com.br\/index.php\/wp-json\/wp\/v2\/categories?post=126219"},{"taxonomy":"post_tag","embeddable":true,"href":"https:\/\/blogdoedvaldomagalhaes.com.br\/index.php\/wp-json\/wp\/v2\/tags?post=126219"}],"curies":[{"name":"wp","href":"https:\/\/api.w.org\/{rel}","templated":true}]}}