{"id":126216,"date":"2026-01-19T09:54:52","date_gmt":"2026-01-19T12:54:52","guid":{"rendered":"https:\/\/blogdoedvaldomagalhaes.com.br\/?p=126216"},"modified":"2026-01-19T09:54:52","modified_gmt":"2026-01-19T12:54:52","slug":"pm-apreende-drogas-e-detem-suspeito-em-caruaru","status":"publish","type":"post","link":"https:\/\/blogdoedvaldomagalhaes.com.br\/index.php\/2026\/01\/19\/pm-apreende-drogas-e-detem-suspeito-em-caruaru\/","title":{"rendered":"PM apreende drogas e det\u00e9m suspeito em Caruaru"},"content":{"rendered":"<p><span style=\"font-size: revert;\">Nesta domingo (18), policiais militares do 4\u00ba BPM receberam informa\u00e7\u00f5es do servi\u00e7o de intelig\u00eancia acerca da ocorr\u00eancia de tr\u00e1fico de entorpecentes nas escadarias do Monte Bom Jesus, em Caruaru.<\/span><\/p>\n<p>Ao chegarem ao local para averigua\u00e7\u00e3o, o efetivo localizou um homem, em posse de subst\u00e2ncia entorpecente (maconha) fracionada para comercializa\u00e7\u00e3o. Em continuidade \u00e0s dilig\u00eancias, foi realizada uma varredura na \u00e1rea, sendo encontrados, em uma resid\u00eancia abandonada nas proximidades, outros entorpecentes em maior quantidade, totalizando aproximadamente 04 kg de maconha, 250 g de coca\u00edna e 50 g de crack.<\/p>\n<p>Diante dos fatos, o suspeito e todo o material apreendido foram conduzidos \u00e0 Delegacia de Pol\u00edcia de Plant\u00e3o, para ado\u00e7\u00e3o das medidas legais cab\u00edveis. Foto: Divulga\u00e7\u00e3o\/PMPE.<br \/>\nSiga o Instagram @portaledvaldomagalhaes<\/p>\n","protected":false},"excerpt":{"rendered":"<p>Nesta domingo (18), policiais militares do 4\u00ba BPM receberam informa\u00e7\u00f5es do servi\u00e7o de intelig\u00eancia acerca da ocorr\u00eancia de tr\u00e1fico de&hellip;<\/p>\n","protected":false},"author":1,"featured_media":126217,"comment_status":"closed","ping_status":"open","sticky":false,"template":"","format":"standard","meta":{"footnotes":""},"categories":[14121],"tags":[13146,35675,34634],"class_list":["post-126216","post","type-post","status-publish","format-standard","has-post-thumbnail","hentry","category-policial","tag-blog-edvaldo-magalhaes","tag-pm-apreende-drogas-e-detem-suspeitos-em-caruaru","tag-portal-edvaldo-magalhaes"],"_links":{"self":[{"href":"https:\/\/blogdoedvaldomagalhaes.com.br\/index.php\/wp-json\/wp\/v2\/posts\/126216","targetHints":{"allow":["GET"]}}],"collection":[{"href":"https:\/\/blogdoedvaldomagalhaes.com.br\/index.php\/wp-json\/wp\/v2\/posts"}],"about":[{"href":"https:\/\/blogdoedvaldomagalhaes.com.br\/index.php\/wp-json\/wp\/v2\/types\/post"}],"author":[{"embeddable":true,"href":"https:\/\/blogdoedvaldomagalhaes.com.br\/index.php\/wp-json\/wp\/v2\/users\/1"}],"replies":[{"embeddable":true,"href":"https:\/\/blogdoedvaldomagalhaes.com.br\/index.php\/wp-json\/wp\/v2\/comments?post=126216"}],"version-history":[{"count":1,"href":"https:\/\/blogdoedvaldomagalhaes.com.br\/index.php\/wp-json\/wp\/v2\/posts\/126216\/revisions"}],"predecessor-version":[{"id":126218,"href":"https:\/\/blogdoedvaldomagalhaes.com.br\/index.php\/wp-json\/wp\/v2\/posts\/126216\/revisions\/126218"}],"wp:featuredmedia":[{"embeddable":true,"href":"https:\/\/blogdoedvaldomagalhaes.com.br\/index.php\/wp-json\/wp\/v2\/media\/126217"}],"wp:attachment":[{"href":"https:\/\/blogdoedvaldomagalhaes.com.br\/index.php\/wp-json\/wp\/v2\/media?parent=126216"}],"wp:term":[{"taxonomy":"category","embeddable":true,"href":"https:\/\/blogdoedvaldomagalhaes.com.br\/index.php\/wp-json\/wp\/v2\/categories?post=126216"},{"taxonomy":"post_tag","embeddable":true,"href":"https:\/\/blogdoedvaldomagalhaes.com.br\/index.php\/wp-json\/wp\/v2\/tags?post=126216"}],"curies":[{"name":"wp","href":"https:\/\/api.w.org\/{rel}","templated":true}]}}