{"id":126213,"date":"2026-01-18T16:50:12","date_gmt":"2026-01-18T19:50:12","guid":{"rendered":"https:\/\/blogdoedvaldomagalhaes.com.br\/?p=126213"},"modified":"2026-01-18T16:50:12","modified_gmt":"2026-01-18T19:50:12","slug":"vereador-junior-letal-articula-parceria-internacional-para-impulsionar-o-setor-de-autopecas-em-caruaru","status":"publish","type":"post","link":"https:\/\/blogdoedvaldomagalhaes.com.br\/index.php\/2026\/01\/18\/vereador-junior-letal-articula-parceria-internacional-para-impulsionar-o-setor-de-autopecas-em-caruaru\/","title":{"rendered":"Vereador J\u00fanior Letal articula parceria internacional para impulsionar o setor de autope\u00e7as em Caruaru"},"content":{"rendered":"<p><span style=\"font-size: revert;\">O vereador J\u00fanior Letal se reuniu com o empres\u00e1rio paulista Diogo Ferraz, refer\u00eancia no ramo automotivo e de autope\u00e7as, para dialogar sobre novos investimentos voltados ao fortalecimento econ\u00f4mico de Caruaru e do Agreste pernambucano. A iniciativa busca atrair parceiros comprometidos com inova\u00e7\u00e3o, capacita\u00e7\u00e3o profissional e gera\u00e7\u00e3o de empregos.<\/span><\/p>\n<p>Diogo Ferraz \u00e9 um empres\u00e1rio com atua\u00e7\u00e3o internacional, que mant\u00e9m conex\u00f5es diretas com f\u00e1bricas da China, trazendo tecnologia e inova\u00e7\u00e3o de um dos maiores polos industriais do mundo. A proposta discutida \u00e9 aproximar Caruaru dessas tecnologias, fortalecendo o setor de autope\u00e7as e preparando a cidade para um novo momento de desenvolvimento industrial.<\/p>\n<p>Durante o encontro, foi destacada a import\u00e2ncia da qualifica\u00e7\u00e3o da m\u00e3o de obra local, capacitando profissionais do munic\u00edpio para atender \u00e0s novas demandas do mercado automotivo. A presen\u00e7a de um empres\u00e1rio com esse perfil representa uma grande oportunidade para impulsionar a economia local e regional.<\/p>\n<p>Para o vereador J\u00fanior Letal, o desenvolvimento econ\u00f4mico \u00e9 uma prioridade do mandato. \u201cNosso compromisso \u00e9 buscar investidores s\u00e9rios, que acreditam em Caruaru e queiram gerar emprego, renda e crescimento para o nosso povo\u201d, destacou.<\/p>\n<p>A articula\u00e7\u00e3o refor\u00e7a o esfor\u00e7o do vereador em conectar Caruaru a mercados nacionais e internacionais, posicionando o munic\u00edpio como refer\u00eancia regional no setor de autope\u00e7as e inova\u00e7\u00e3o. Foto: Divulga\u00e7\u00e3o.<br \/>\nSiga o Instagram @portaledvaldomagalhaes<\/p>\n","protected":false},"excerpt":{"rendered":"<p>O vereador J\u00fanior Letal se reuniu com o empres\u00e1rio paulista Diogo Ferraz, refer\u00eancia no ramo automotivo e de autope\u00e7as, para&hellip;<\/p>\n","protected":false},"author":1,"featured_media":126214,"comment_status":"closed","ping_status":"open","sticky":false,"template":"","format":"standard","meta":{"footnotes":""},"categories":[14122],"tags":[13146,20,34634,32793],"class_list":["post-126213","post","type-post","status-publish","format-standard","has-post-thumbnail","hentry","category-politica","tag-blog-edvaldo-magalhaes","tag-politica","tag-portal-edvaldo-magalhaes","tag-vereador-junior-letal"],"_links":{"self":[{"href":"https:\/\/blogdoedvaldomagalhaes.com.br\/index.php\/wp-json\/wp\/v2\/posts\/126213","targetHints":{"allow":["GET"]}}],"collection":[{"href":"https:\/\/blogdoedvaldomagalhaes.com.br\/index.php\/wp-json\/wp\/v2\/posts"}],"about":[{"href":"https:\/\/blogdoedvaldomagalhaes.com.br\/index.php\/wp-json\/wp\/v2\/types\/post"}],"author":[{"embeddable":true,"href":"https:\/\/blogdoedvaldomagalhaes.com.br\/index.php\/wp-json\/wp\/v2\/users\/1"}],"replies":[{"embeddable":true,"href":"https:\/\/blogdoedvaldomagalhaes.com.br\/index.php\/wp-json\/wp\/v2\/comments?post=126213"}],"version-history":[{"count":1,"href":"https:\/\/blogdoedvaldomagalhaes.com.br\/index.php\/wp-json\/wp\/v2\/posts\/126213\/revisions"}],"predecessor-version":[{"id":126215,"href":"https:\/\/blogdoedvaldomagalhaes.com.br\/index.php\/wp-json\/wp\/v2\/posts\/126213\/revisions\/126215"}],"wp:featuredmedia":[{"embeddable":true,"href":"https:\/\/blogdoedvaldomagalhaes.com.br\/index.php\/wp-json\/wp\/v2\/media\/126214"}],"wp:attachment":[{"href":"https:\/\/blogdoedvaldomagalhaes.com.br\/index.php\/wp-json\/wp\/v2\/media?parent=126213"}],"wp:term":[{"taxonomy":"category","embeddable":true,"href":"https:\/\/blogdoedvaldomagalhaes.com.br\/index.php\/wp-json\/wp\/v2\/categories?post=126213"},{"taxonomy":"post_tag","embeddable":true,"href":"https:\/\/blogdoedvaldomagalhaes.com.br\/index.php\/wp-json\/wp\/v2\/tags?post=126213"}],"curies":[{"name":"wp","href":"https:\/\/api.w.org\/{rel}","templated":true}]}}