{"id":126210,"date":"2026-01-18T14:02:54","date_gmt":"2026-01-18T17:02:54","guid":{"rendered":"https:\/\/blogdoedvaldomagalhaes.com.br\/?p=126210"},"modified":"2026-01-18T14:16:43","modified_gmt":"2026-01-18T17:16:43","slug":"prf-flagra-motorista-de-carro-de-luxo-a-184km-h","status":"publish","type":"post","link":"https:\/\/blogdoedvaldomagalhaes.com.br\/index.php\/2026\/01\/18\/prf-flagra-motorista-de-carro-de-luxo-a-184km-h\/","title":{"rendered":"PRF flagra motorista de carro de luxo a 184Km\/h"},"content":{"rendered":"<p>Um flagrante chamou a aten\u00e7\u00e3o de policiais rodovi\u00e1rios federais que realizavam uma fiscaliza\u00e7\u00e3o para coibir o excesso de velocidade, no s\u00e1bado (17), na BR 101, em Igarassu, no Grande Recife. O motorista de um carro de luxo foi flagrado transitando a 184 Km\/h.<\/p>\n<dl class=\"image-inline captioned caption-center\">\n<dt><a href=\"https:\/\/www.gov.br\/prf\/pt-br\/noticias\/estaduais\/pernambuco\/2026\/janeiro\/prf-flagra-motorista-de-carro-de-luxo-a-184km-h-em-igarassu\/IMG20260118WA0031.jpg\" rel=\"lightbox\"><img loading=\"lazy\" decoding=\"async\" src=\"https:\/\/www.gov.br\/prf\/pt-br\/noticias\/estaduais\/pernambuco\/2026\/janeiro\/prf-flagra-motorista-de-carro-de-luxo-a-184km-h-em-igarassu\/IMG20260118WA0031.jpg\/@@images\/4b579ffe-df8b-42ce-82fa-b185b737158a.jpeg\" alt=\"A\u00e7\u00e3o 1\" width=\"400\" height=\"300\" \/><\/a><\/dt>\n<dd class=\"image-caption\">Radar<\/dd>\n<\/dl>\n<p>Policiais realizavam uma fiscaliza\u00e7\u00e3o com o radar m\u00f3vel em um trecho sinalizado com a velocidade m\u00e1xima de 100Km\/h, quando registraram a velocidade no equipamento. A infra\u00e7\u00e3o \u00e9 considerada grav\u00edssima e prev\u00ea multa de R$880,41, sete pontos na carteira de habilita\u00e7\u00e3o e suspens\u00e3o do direito de dirigir.<\/p>\n<p>O excesso de velocidade est\u00e1 associado a diversas colis\u00f5es nas rodovias e aumenta a gravidade das les\u00f5es em caso de sinistros. O motorista deve seguir os limites estabelecidos para a via, principalmente ao acessar trechos urbanos para evitar atropelamentos. Foto: Divulga\u00e7\u00e3o\/PRF.<br \/>\nSiga o Instagram @portaledvaldomagalhaes<\/p>\n","protected":false},"excerpt":{"rendered":"<p>Um flagrante chamou a aten\u00e7\u00e3o de policiais rodovi\u00e1rios federais que realizavam uma fiscaliza\u00e7\u00e3o para coibir o excesso de velocidade, no&hellip;<\/p>\n","protected":false},"author":1,"featured_media":126212,"comment_status":"closed","ping_status":"open","sticky":false,"template":"","format":"standard","meta":{"footnotes":""},"categories":[14120],"tags":[13146,34634],"class_list":["post-126210","post","type-post","status-publish","format-standard","has-post-thumbnail","hentry","category-noticias","tag-blog-edvaldo-magalhaes","tag-portal-edvaldo-magalhaes"],"_links":{"self":[{"href":"https:\/\/blogdoedvaldomagalhaes.com.br\/index.php\/wp-json\/wp\/v2\/posts\/126210","targetHints":{"allow":["GET"]}}],"collection":[{"href":"https:\/\/blogdoedvaldomagalhaes.com.br\/index.php\/wp-json\/wp\/v2\/posts"}],"about":[{"href":"https:\/\/blogdoedvaldomagalhaes.com.br\/index.php\/wp-json\/wp\/v2\/types\/post"}],"author":[{"embeddable":true,"href":"https:\/\/blogdoedvaldomagalhaes.com.br\/index.php\/wp-json\/wp\/v2\/users\/1"}],"replies":[{"embeddable":true,"href":"https:\/\/blogdoedvaldomagalhaes.com.br\/index.php\/wp-json\/wp\/v2\/comments?post=126210"}],"version-history":[{"count":1,"href":"https:\/\/blogdoedvaldomagalhaes.com.br\/index.php\/wp-json\/wp\/v2\/posts\/126210\/revisions"}],"predecessor-version":[{"id":126211,"href":"https:\/\/blogdoedvaldomagalhaes.com.br\/index.php\/wp-json\/wp\/v2\/posts\/126210\/revisions\/126211"}],"wp:featuredmedia":[{"embeddable":true,"href":"https:\/\/blogdoedvaldomagalhaes.com.br\/index.php\/wp-json\/wp\/v2\/media\/126212"}],"wp:attachment":[{"href":"https:\/\/blogdoedvaldomagalhaes.com.br\/index.php\/wp-json\/wp\/v2\/media?parent=126210"}],"wp:term":[{"taxonomy":"category","embeddable":true,"href":"https:\/\/blogdoedvaldomagalhaes.com.br\/index.php\/wp-json\/wp\/v2\/categories?post=126210"},{"taxonomy":"post_tag","embeddable":true,"href":"https:\/\/blogdoedvaldomagalhaes.com.br\/index.php\/wp-json\/wp\/v2\/tags?post=126210"}],"curies":[{"name":"wp","href":"https:\/\/api.w.org\/{rel}","templated":true}]}}