{"id":126204,"date":"2026-01-18T13:42:05","date_gmt":"2026-01-18T16:42:05","guid":{"rendered":"https:\/\/blogdoedvaldomagalhaes.com.br\/?p=126204"},"modified":"2026-01-18T13:42:05","modified_gmt":"2026-01-18T16:42:05","slug":"carro-roubado-no-rio-de-janeiro-e-recuperado-em-pernambuco","status":"publish","type":"post","link":"https:\/\/blogdoedvaldomagalhaes.com.br\/index.php\/2026\/01\/18\/carro-roubado-no-rio-de-janeiro-e-recuperado-em-pernambuco\/","title":{"rendered":"Carro roubado no Rio de Janeiro \u00e9 recuperado em Pernambuco"},"content":{"rendered":"<p>Um carro roubado no Rio de Janeiro foi recuperado na noite de sexta-feira (16), pela Pol\u00edcia Rodovi\u00e1ria Federal (PRF), na BR 423, em Jupi, no Agreste de Pernambuco. O motorista do ve\u00edculo foi detido na a\u00e7\u00e3o.<\/p>\n<p>Policiais realizavam uma fiscaliza\u00e7\u00e3o de seguran\u00e7a vi\u00e1ria na rodovia, quando abordaram um carro com placas do Mercosul. Em consulta \u00e0 placa do ve\u00edculo, os policiais encontraram diversos sinais de adultera\u00e7\u00e3o. Ao aprofundar a fiscaliza\u00e7\u00e3o, foi descoberto que o ve\u00edculo havia sido roubado no dia 30 de mar\u00e7o do ano passado.<\/p>\n<p>O motorista alegou que havia adquirido o carro em S\u00e3o Paulo de um conhecido e que o ve\u00edculo havia chegado em um caminh\u00e3o-cegonha. O homem foi encaminhado junto com o ve\u00edculo \u00e0 Delegacia de Pol\u00edcia Civil de Garanhuns. \u00a0 \u00a0<br \/>Siga o Instagram @portaledvaldomagalhaes<br \/>Foto: Divulga\u00e7\u00e3o\/PRF<\/p>\n\n\n<p><\/p>\n","protected":false},"excerpt":{"rendered":"<p>Um carro roubado no Rio de Janeiro foi recuperado na noite de sexta-feira (16), pela Pol\u00edcia Rodovi\u00e1ria Federal (PRF), na&hellip;<\/p>\n","protected":false},"author":1,"featured_media":126205,"comment_status":"closed","ping_status":"open","sticky":false,"template":"","format":"standard","meta":{"footnotes":""},"categories":[14121],"tags":[13146,35673,34634],"class_list":["post-126204","post","type-post","status-publish","format-standard","has-post-thumbnail","hentry","category-policial","tag-blog-edvaldo-magalhaes","tag-carro-roubado-no-rio-de-janeiro-e-recuperado-em-pernambuco","tag-portal-edvaldo-magalhaes"],"_links":{"self":[{"href":"https:\/\/blogdoedvaldomagalhaes.com.br\/index.php\/wp-json\/wp\/v2\/posts\/126204","targetHints":{"allow":["GET"]}}],"collection":[{"href":"https:\/\/blogdoedvaldomagalhaes.com.br\/index.php\/wp-json\/wp\/v2\/posts"}],"about":[{"href":"https:\/\/blogdoedvaldomagalhaes.com.br\/index.php\/wp-json\/wp\/v2\/types\/post"}],"author":[{"embeddable":true,"href":"https:\/\/blogdoedvaldomagalhaes.com.br\/index.php\/wp-json\/wp\/v2\/users\/1"}],"replies":[{"embeddable":true,"href":"https:\/\/blogdoedvaldomagalhaes.com.br\/index.php\/wp-json\/wp\/v2\/comments?post=126204"}],"version-history":[{"count":1,"href":"https:\/\/blogdoedvaldomagalhaes.com.br\/index.php\/wp-json\/wp\/v2\/posts\/126204\/revisions"}],"predecessor-version":[{"id":126206,"href":"https:\/\/blogdoedvaldomagalhaes.com.br\/index.php\/wp-json\/wp\/v2\/posts\/126204\/revisions\/126206"}],"wp:featuredmedia":[{"embeddable":true,"href":"https:\/\/blogdoedvaldomagalhaes.com.br\/index.php\/wp-json\/wp\/v2\/media\/126205"}],"wp:attachment":[{"href":"https:\/\/blogdoedvaldomagalhaes.com.br\/index.php\/wp-json\/wp\/v2\/media?parent=126204"}],"wp:term":[{"taxonomy":"category","embeddable":true,"href":"https:\/\/blogdoedvaldomagalhaes.com.br\/index.php\/wp-json\/wp\/v2\/categories?post=126204"},{"taxonomy":"post_tag","embeddable":true,"href":"https:\/\/blogdoedvaldomagalhaes.com.br\/index.php\/wp-json\/wp\/v2\/tags?post=126204"}],"curies":[{"name":"wp","href":"https:\/\/api.w.org\/{rel}","templated":true}]}}