{"id":126201,"date":"2026-01-18T13:32:39","date_gmt":"2026-01-18T16:32:39","guid":{"rendered":"https:\/\/blogdoedvaldomagalhaes.com.br\/?p=126201"},"modified":"2026-01-18T13:38:15","modified_gmt":"2026-01-18T16:38:15","slug":"prf-flagra-caminhao-com-longarina-partida-e-diversas-irregularidades","status":"publish","type":"post","link":"https:\/\/blogdoedvaldomagalhaes.com.br\/index.php\/2026\/01\/18\/prf-flagra-caminhao-com-longarina-partida-e-diversas-irregularidades\/","title":{"rendered":"PRF flagra caminh\u00e3o com longarina partida e diversas irregularidades"},"content":{"rendered":"<p>A Pol\u00edcia Rodovi\u00e1ria Federal (PRF) flagrou um caminh\u00e3o com a longarina partida durante uma fiscaliza\u00e7\u00e3o na BR 101, no bairro da Guabiraba, na Zona Oeste do Recife. A longarina, tamb\u00e9m conhecida como chassi, \u00e9 a barra de sustenta\u00e7\u00e3o do ve\u00edculo e a sua conserva\u00e7\u00e3o \u00e9 indispens\u00e1vel para o deslocamento em seguran\u00e7a.<\/p>\n<p>Policiais do Grupo de Fiscaliza\u00e7\u00e3o de Tr\u00e2nsito (GFT) realizavam uma fiscaliza\u00e7\u00e3o no Km 60 da rodovia, quando abordaram um caminh\u00e3o ba\u00fa carregado com carv\u00e3o, que havia sa\u00eddo de Jaboat\u00e3o dos Guararapes em dire\u00e7\u00e3o a Recife.<\/p>\n<p>Ao verificar o ve\u00edculo, a equipe constatou uma grande rachadura na estrutura da longarina, al\u00e9m de diversas infra\u00e7\u00f5es, como licenciamento atrasado, parabrisa trincado, parachoque empenado, pneu em mau estado de conserva\u00e7\u00e3o, lanternas quebradas e limpador de parabrisa sem funcionar.<\/p>\n<div id=\"content-core\">\n<div id=\"parent-fieldname-text\" class=\"\">\n<div>\n<p>Ao consultar a documenta\u00e7\u00e3o do motorista, foi descoberto que ele n\u00e3o era habilitado para conduzir caminh\u00e3o, apenas autom\u00f3veis. A equipe emitiu autua\u00e7\u00f5es pelas irregularidades e recolheu o caminh\u00e3o para o p\u00e1tio.<br \/>\nSiga o Instagram @portaledvaldomagalhaes<br \/>\nFoto: Divulga\u00e7\u00e3o\/PRF<\/p>\n<\/div>\n<\/div>\n<\/div>\n","protected":false},"excerpt":{"rendered":"<p>A Pol\u00edcia Rodovi\u00e1ria Federal (PRF) flagrou um caminh\u00e3o com a longarina partida durante uma fiscaliza\u00e7\u00e3o na BR 101, no bairro&hellip;<\/p>\n","protected":false},"author":1,"featured_media":126202,"comment_status":"closed","ping_status":"open","sticky":false,"template":"","format":"standard","meta":{"footnotes":""},"categories":[14121],"tags":[13146,34634],"class_list":["post-126201","post","type-post","status-publish","format-standard","has-post-thumbnail","hentry","category-policial","tag-blog-edvaldo-magalhaes","tag-portal-edvaldo-magalhaes"],"_links":{"self":[{"href":"https:\/\/blogdoedvaldomagalhaes.com.br\/index.php\/wp-json\/wp\/v2\/posts\/126201","targetHints":{"allow":["GET"]}}],"collection":[{"href":"https:\/\/blogdoedvaldomagalhaes.com.br\/index.php\/wp-json\/wp\/v2\/posts"}],"about":[{"href":"https:\/\/blogdoedvaldomagalhaes.com.br\/index.php\/wp-json\/wp\/v2\/types\/post"}],"author":[{"embeddable":true,"href":"https:\/\/blogdoedvaldomagalhaes.com.br\/index.php\/wp-json\/wp\/v2\/users\/1"}],"replies":[{"embeddable":true,"href":"https:\/\/blogdoedvaldomagalhaes.com.br\/index.php\/wp-json\/wp\/v2\/comments?post=126201"}],"version-history":[{"count":1,"href":"https:\/\/blogdoedvaldomagalhaes.com.br\/index.php\/wp-json\/wp\/v2\/posts\/126201\/revisions"}],"predecessor-version":[{"id":126203,"href":"https:\/\/blogdoedvaldomagalhaes.com.br\/index.php\/wp-json\/wp\/v2\/posts\/126201\/revisions\/126203"}],"wp:featuredmedia":[{"embeddable":true,"href":"https:\/\/blogdoedvaldomagalhaes.com.br\/index.php\/wp-json\/wp\/v2\/media\/126202"}],"wp:attachment":[{"href":"https:\/\/blogdoedvaldomagalhaes.com.br\/index.php\/wp-json\/wp\/v2\/media?parent=126201"}],"wp:term":[{"taxonomy":"category","embeddable":true,"href":"https:\/\/blogdoedvaldomagalhaes.com.br\/index.php\/wp-json\/wp\/v2\/categories?post=126201"},{"taxonomy":"post_tag","embeddable":true,"href":"https:\/\/blogdoedvaldomagalhaes.com.br\/index.php\/wp-json\/wp\/v2\/tags?post=126201"}],"curies":[{"name":"wp","href":"https:\/\/api.w.org\/{rel}","templated":true}]}}