{"id":126195,"date":"2026-01-18T12:06:06","date_gmt":"2026-01-18T15:06:06","guid":{"rendered":"https:\/\/blogdoedvaldomagalhaes.com.br\/?p=126195"},"modified":"2026-01-18T12:06:06","modified_gmt":"2026-01-18T15:06:06","slug":"engavetamento-entre-tres-veiculos-deixa-7-pessoas-feridas-na-br-232","status":"publish","type":"post","link":"https:\/\/blogdoedvaldomagalhaes.com.br\/index.php\/2026\/01\/18\/engavetamento-entre-tres-veiculos-deixa-7-pessoas-feridas-na-br-232\/","title":{"rendered":"Engavetamento entre tr\u00eas ve\u00edculos deixa 7 pessoas feridas na BR-232"},"content":{"rendered":"<p>O sinistro ocorreu por volta das 8h20, no Km 367 da BR 232 em Flores. <span style=\"font-size: revert;\">Foi um engavetamento envolvendo dois ve\u00edculos de transporte de passageiros e um caminh\u00e3o. Sete pessoas que estavam no \u00faltimo ve\u00edculo (uma Van) ficaram feridas, a princ\u00edpio sem gravidade. Eles foram encaminhadas para o Hospital Eduardo Campos em Serra Talhada e para o Hospital de Cust\u00f3dia.<\/span><span style=\"font-size: revert;\">Os tr\u00eas motoristas realizaram o teste do baf\u00f4metro e o resultado foi normal.<br \/>\nSiga o Instagram @portaledvaldomagalhaes.<br \/>\nFoto: Divulga\u00e7\u00e3o\/PRF<\/span><\/p>\n","protected":false},"excerpt":{"rendered":"<p>O sinistro ocorreu por volta das 8h20, no Km 367 da BR 232 em Flores. Foi um engavetamento envolvendo dois&hellip;<\/p>\n","protected":false},"author":1,"featured_media":126196,"comment_status":"closed","ping_status":"open","sticky":false,"template":"","format":"standard","meta":{"footnotes":""},"categories":[14120],"tags":[14276,13146,34634],"class_list":["post-126195","post","type-post","status-publish","format-standard","has-post-thumbnail","hentry","category-noticias","tag-acidente","tag-blog-edvaldo-magalhaes","tag-portal-edvaldo-magalhaes"],"_links":{"self":[{"href":"https:\/\/blogdoedvaldomagalhaes.com.br\/index.php\/wp-json\/wp\/v2\/posts\/126195","targetHints":{"allow":["GET"]}}],"collection":[{"href":"https:\/\/blogdoedvaldomagalhaes.com.br\/index.php\/wp-json\/wp\/v2\/posts"}],"about":[{"href":"https:\/\/blogdoedvaldomagalhaes.com.br\/index.php\/wp-json\/wp\/v2\/types\/post"}],"author":[{"embeddable":true,"href":"https:\/\/blogdoedvaldomagalhaes.com.br\/index.php\/wp-json\/wp\/v2\/users\/1"}],"replies":[{"embeddable":true,"href":"https:\/\/blogdoedvaldomagalhaes.com.br\/index.php\/wp-json\/wp\/v2\/comments?post=126195"}],"version-history":[{"count":1,"href":"https:\/\/blogdoedvaldomagalhaes.com.br\/index.php\/wp-json\/wp\/v2\/posts\/126195\/revisions"}],"predecessor-version":[{"id":126197,"href":"https:\/\/blogdoedvaldomagalhaes.com.br\/index.php\/wp-json\/wp\/v2\/posts\/126195\/revisions\/126197"}],"wp:featuredmedia":[{"embeddable":true,"href":"https:\/\/blogdoedvaldomagalhaes.com.br\/index.php\/wp-json\/wp\/v2\/media\/126196"}],"wp:attachment":[{"href":"https:\/\/blogdoedvaldomagalhaes.com.br\/index.php\/wp-json\/wp\/v2\/media?parent=126195"}],"wp:term":[{"taxonomy":"category","embeddable":true,"href":"https:\/\/blogdoedvaldomagalhaes.com.br\/index.php\/wp-json\/wp\/v2\/categories?post=126195"},{"taxonomy":"post_tag","embeddable":true,"href":"https:\/\/blogdoedvaldomagalhaes.com.br\/index.php\/wp-json\/wp\/v2\/tags?post=126195"}],"curies":[{"name":"wp","href":"https:\/\/api.w.org\/{rel}","templated":true}]}}