{"id":126191,"date":"2026-01-18T11:30:28","date_gmt":"2026-01-18T14:30:28","guid":{"rendered":"https:\/\/blogdoedvaldomagalhaes.com.br\/?p=126191"},"modified":"2026-01-18T11:30:28","modified_gmt":"2026-01-18T14:30:28","slug":"motorista-morre-apos-colisao-frontal-entre-carro-e-caminhao-2","status":"publish","type":"post","link":"https:\/\/blogdoedvaldomagalhaes.com.br\/index.php\/2026\/01\/18\/motorista-morre-apos-colisao-frontal-entre-carro-e-caminhao-2\/","title":{"rendered":"Motorista morre, ap\u00f3s colis\u00e3o frontal entre carro e caminh\u00e3o"},"content":{"rendered":"<p>O sinistro ocorreu por volta das 20h20 de s\u00e1bado, no Km 74 da BR 116 em Cabrob\u00f3, no Sert\u00e3o de Pernambuco. <span style=\"font-size: revert;\">Foi uma colis\u00e3o frontal entre um carro e um caminh\u00e3o.<\/span><\/p>\n<p>O motorista do carro ficou ferido e foi encaminhado para o Hospital de Salgueiro. Posteriormente, a equipe recebeu a informa\u00e7\u00e3o de que ele faleceu no hospital. <span style=\"font-size: revert;\">O passageiro do caminh\u00e3o tamb\u00e9m ficou ferido e foi encaminhado para o Hospital de Salgueiro. <\/span><span style=\"font-size: revert;\">O motorista do caminh\u00e3o n\u00e3o ficou ferido. Ele realizou o teste do baf\u00f4metro e o resultado foi normal.<\/span><\/p>\n<p>O caminh\u00e3o ficou tombado sobre a rodovia interditando os dois sentidos. Apenas o acostamento ficou liberado para o tr\u00e1fego de ve\u00edculos. <span style=\"font-size: revert;\">Hoje pela manh\u00e3 o caminh\u00e3o foi destombado. <\/span><span style=\"font-size: revert;\">A carga de cebolas foi transferida para outro ve\u00edculo, para que o caminh\u00e3o ser retirado da pista. \u00a0 \u00a0<br \/>Siga o Instagram @portaledvaldomagalhaes<\/span><\/p>\n\n\n<p><\/p>\n","protected":false},"excerpt":{"rendered":"<p>O sinistro ocorreu por volta das 20h20 de s\u00e1bado, no Km 74 da BR 116 em Cabrob\u00f3, no Sert\u00e3o de&hellip;<\/p>\n","protected":false},"author":1,"featured_media":126192,"comment_status":"closed","ping_status":"open","sticky":false,"template":"","format":"standard","meta":{"footnotes":""},"categories":[14120],"tags":[14276,13146,32302,34634],"class_list":["post-126191","post","type-post","status-publish","format-standard","has-post-thumbnail","hentry","category-noticias","tag-acidente","tag-blog-edvaldo-magalhaes","tag-motorista-morre-apos-colisao-frontal-entre-carro-e-caminhao","tag-portal-edvaldo-magalhaes"],"_links":{"self":[{"href":"https:\/\/blogdoedvaldomagalhaes.com.br\/index.php\/wp-json\/wp\/v2\/posts\/126191","targetHints":{"allow":["GET"]}}],"collection":[{"href":"https:\/\/blogdoedvaldomagalhaes.com.br\/index.php\/wp-json\/wp\/v2\/posts"}],"about":[{"href":"https:\/\/blogdoedvaldomagalhaes.com.br\/index.php\/wp-json\/wp\/v2\/types\/post"}],"author":[{"embeddable":true,"href":"https:\/\/blogdoedvaldomagalhaes.com.br\/index.php\/wp-json\/wp\/v2\/users\/1"}],"replies":[{"embeddable":true,"href":"https:\/\/blogdoedvaldomagalhaes.com.br\/index.php\/wp-json\/wp\/v2\/comments?post=126191"}],"version-history":[{"count":1,"href":"https:\/\/blogdoedvaldomagalhaes.com.br\/index.php\/wp-json\/wp\/v2\/posts\/126191\/revisions"}],"predecessor-version":[{"id":126193,"href":"https:\/\/blogdoedvaldomagalhaes.com.br\/index.php\/wp-json\/wp\/v2\/posts\/126191\/revisions\/126193"}],"wp:featuredmedia":[{"embeddable":true,"href":"https:\/\/blogdoedvaldomagalhaes.com.br\/index.php\/wp-json\/wp\/v2\/media\/126192"}],"wp:attachment":[{"href":"https:\/\/blogdoedvaldomagalhaes.com.br\/index.php\/wp-json\/wp\/v2\/media?parent=126191"}],"wp:term":[{"taxonomy":"category","embeddable":true,"href":"https:\/\/blogdoedvaldomagalhaes.com.br\/index.php\/wp-json\/wp\/v2\/categories?post=126191"},{"taxonomy":"post_tag","embeddable":true,"href":"https:\/\/blogdoedvaldomagalhaes.com.br\/index.php\/wp-json\/wp\/v2\/tags?post=126191"}],"curies":[{"name":"wp","href":"https:\/\/api.w.org\/{rel}","templated":true}]}}