{"id":126184,"date":"2026-01-16T22:32:47","date_gmt":"2026-01-17T01:32:47","guid":{"rendered":"https:\/\/blogdoedvaldomagalhaes.com.br\/?p=126184"},"modified":"2026-01-16T22:32:47","modified_gmt":"2026-01-17T01:32:47","slug":"governadora-raquel-lyra-e-ministro-jader-filho-visitam-o-metro-do-recife-e-asseguram-investimentos-imediatos-de-r-500-milhoes-no-modal","status":"publish","type":"post","link":"https:\/\/blogdoedvaldomagalhaes.com.br\/index.php\/2026\/01\/16\/governadora-raquel-lyra-e-ministro-jader-filho-visitam-o-metro-do-recife-e-asseguram-investimentos-imediatos-de-r-500-milhoes-no-modal\/","title":{"rendered":"Governadora Raquel Lyra e ministro Jader Filho visitam o Metr\u00f4 do Recife e asseguram investimentos imediatos de R$ 500 milh\u00f5es no modal"},"content":{"rendered":"<p><span style=\"font-size: revert;\">A governadora Raquel Lyra e o ministro das Cidades, Jader Filho, visitaram duas esta\u00e7\u00f5es do Metr\u00f4 do Recife nesta sexta-feira (16). Na ocasi\u00e3o, os gestores garantiram investimentos imediatos de R$ 500 milh\u00f5es para o sistema metrovi\u00e1rio que atende a Regi\u00e3o Metropolitana. A chefe do Executivo estadual visitou o sagu\u00e3o principal e a plataforma de embarque da Esta\u00e7\u00e3o Joana Bezerra, uma das mais movimentadas do complexo, e em seguida se deslocou para a Esta\u00e7\u00e3o Central com o ministro em um dos trens do sistema.<\/span><\/p>\n<p>\u201cAp\u00f3s assinatura do Acordo de Coopera\u00e7\u00e3o T\u00e9cnica com o Governo Federal, j\u00e1 estamos desenhando os investimentos que acontecer\u00e3o no Metr\u00f4 do Recife, por meio da decis\u00e3o do presidente Lula e do ministro Jader. O Governo do Estado \u00e9 parte da solu\u00e7\u00e3o para o metr\u00f4, estamos garantindo que a popula\u00e7\u00e3o da Regi\u00e3o Metropolitana do Recife tenha o direito de chegar em casa com tranquilidade e conforto, diminuindo o tempo de espera, trazendo mais dignidade e cidadania n\u00e3o s\u00f3 nos terminais, mas tamb\u00e9m dentro dos pr\u00f3prios vag\u00f5es. \u00c9 o in\u00edcio de um novo tempo, onde Pernambuco e o Governo Federal se unem para assegurar que a gente vire uma p\u00e1gina ruim da hist\u00f3ria do Metr\u00f4 no Recife\u201d, destacou a governadora Raquel Lyra.<\/p>\n<p>Em dezembro de 2025 o Governo de Pernambuco e o governo federal assinaram um Acordo de Coopera\u00e7\u00e3o T\u00e9cnica (ACT) para reestrutura\u00e7\u00e3o do sistema metrovi\u00e1rio pernambucano, por meio de uma Parceria P\u00fablico-Privada (PPP). O acordo prev\u00ea um aporte inicial de R$ 4 bilh\u00f5es, a ser investido pelo Governo Federal nos cinco primeiros anos de uma concess\u00e3o com dura\u00e7\u00e3o de 30 anos. O processo de concess\u00e3o segue em andamento, com estudos t\u00e9cnicos do Banco Nacional de Desenvolvimento Econ\u00f4mico e Social (BNDES). O ACT ainda estabelece a abertura de consulta p\u00fablica sobre o tema.<\/p>\n<p>De acordo com o ministro das Cidades, Jader Filho, o recurso de R$ 500 milh\u00f5es ser\u00e1 destinado para reformas nos trilhos, que j\u00e1 est\u00e3o acontecendo, al\u00e9m da aquisi\u00e7\u00e3o de 100 \u00f4nibus el\u00e9tricos para a RMR e reforma das esta\u00e7\u00f5es. O gestor tamb\u00e9m garantiu a chegada de trens seminovos vindos de Porto Alegre e Belo Horizonte para o fortalecimento do sistema. \u201cDesde o in\u00edcio do mandato da governadora Raquel Lyra n\u00e3o houve um dia sequer que ela tenha estado conosco e n\u00e3o tenha abordado esse tema do metr\u00f4. Houve sempre a busca de tratar das solu\u00e7\u00f5es para a quest\u00e3o do transporte p\u00fablico da Regi\u00e3o Metropolitana do Recife e n\u00f3s estamos aqui hoje, vindo pessoalmente, assumir este compromisso. Fiquei pessoalmente tocado pela situa\u00e7\u00e3o preocupante do Metr\u00f4 do Recife e pela seguran\u00e7a dos passageiros\u201d, pontuou o ministro.<\/p>\n<p>O secret\u00e1rio de Mobilidade e Infraestrutura, Andr\u00e9 Teixeira Filho, destacou que a visita \u00e9 uma continuidade dos trabalhos do Governo do Estado que come\u00e7aram em 2023. \u201cColocamos luz sobre o problema do Metr\u00f4 do Recife e da mobilidade da Regi\u00e3o Metropolitana. Temos um dos piores tr\u00e2nsitos do Brasil e a governadora levou isso para o presidente Lula e para o ministro Jader Filho. Em breve teremos a concess\u00e3o do metr\u00f4 para que possamos entregar novos trens, esta\u00e7\u00f5es requalificadas, al\u00e9m dos novos \u00f4nibus para o Grande Recife, garantindo uma melhor mobilidade para a popula\u00e7\u00e3o pernambucana\u201d, enfatizou.<\/p>\n<p>Tamb\u00e9m acompanharam a visita os secret\u00e1rios estaduais T\u00falio Villa\u00e7a (Casa Civil), Simone Nunes (Desenvolvimento Urbano e Habita\u00e7\u00e3o) e Jo\u00e3o Salles (Assessoria Especial \u00e0 Governadora e Rela\u00e7\u00f5es Internacionais); al\u00e9m do secret\u00e1rio-executivo de Mobilidade e Infraestrutura, Pedro Neves; e do presidente do Grande Recife Cons\u00f3rcio de Transportes, Matheus Freitas. <span style=\"font-size: revert;\">Foto: Miva Filho\/Secom.<br \/>\nSiga o Instagram @portaledvaldomagalhaes<\/span><\/p>\n","protected":false},"excerpt":{"rendered":"<p>A governadora Raquel Lyra e o ministro das Cidades, Jader Filho, visitaram duas esta\u00e7\u00f5es do Metr\u00f4 do Recife nesta sexta-feira&hellip;<\/p>\n","protected":false},"author":1,"featured_media":126185,"comment_status":"closed","ping_status":"open","sticky":false,"template":"","format":"standard","meta":{"footnotes":""},"categories":[14120],"tags":[13146,35671,34634],"class_list":["post-126184","post","type-post","status-publish","format-standard","has-post-thumbnail","hentry","category-noticias","tag-blog-edvaldo-magalhaes","tag-governadora-raquel-lyra-e-ministro-jader-filho-visitam-o-metro-do-recife","tag-portal-edvaldo-magalhaes"],"_links":{"self":[{"href":"https:\/\/blogdoedvaldomagalhaes.com.br\/index.php\/wp-json\/wp\/v2\/posts\/126184","targetHints":{"allow":["GET"]}}],"collection":[{"href":"https:\/\/blogdoedvaldomagalhaes.com.br\/index.php\/wp-json\/wp\/v2\/posts"}],"about":[{"href":"https:\/\/blogdoedvaldomagalhaes.com.br\/index.php\/wp-json\/wp\/v2\/types\/post"}],"author":[{"embeddable":true,"href":"https:\/\/blogdoedvaldomagalhaes.com.br\/index.php\/wp-json\/wp\/v2\/users\/1"}],"replies":[{"embeddable":true,"href":"https:\/\/blogdoedvaldomagalhaes.com.br\/index.php\/wp-json\/wp\/v2\/comments?post=126184"}],"version-history":[{"count":1,"href":"https:\/\/blogdoedvaldomagalhaes.com.br\/index.php\/wp-json\/wp\/v2\/posts\/126184\/revisions"}],"predecessor-version":[{"id":126186,"href":"https:\/\/blogdoedvaldomagalhaes.com.br\/index.php\/wp-json\/wp\/v2\/posts\/126184\/revisions\/126186"}],"wp:featuredmedia":[{"embeddable":true,"href":"https:\/\/blogdoedvaldomagalhaes.com.br\/index.php\/wp-json\/wp\/v2\/media\/126185"}],"wp:attachment":[{"href":"https:\/\/blogdoedvaldomagalhaes.com.br\/index.php\/wp-json\/wp\/v2\/media?parent=126184"}],"wp:term":[{"taxonomy":"category","embeddable":true,"href":"https:\/\/blogdoedvaldomagalhaes.com.br\/index.php\/wp-json\/wp\/v2\/categories?post=126184"},{"taxonomy":"post_tag","embeddable":true,"href":"https:\/\/blogdoedvaldomagalhaes.com.br\/index.php\/wp-json\/wp\/v2\/tags?post=126184"}],"curies":[{"name":"wp","href":"https:\/\/api.w.org\/{rel}","templated":true}]}}