{"id":126181,"date":"2026-01-16T21:45:27","date_gmt":"2026-01-17T00:45:27","guid":{"rendered":"https:\/\/blogdoedvaldomagalhaes.com.br\/?p=126181"},"modified":"2026-01-16T21:45:27","modified_gmt":"2026-01-17T00:45:27","slug":"a-importancia-da-rodoviaria-caruaruense-para-pernambuco-por-jorge-quintino","status":"publish","type":"post","link":"https:\/\/blogdoedvaldomagalhaes.com.br\/index.php\/2026\/01\/16\/a-importancia-da-rodoviaria-caruaruense-para-pernambuco-por-jorge-quintino\/","title":{"rendered":"A import\u00e2ncia da Rodovi\u00e1ria Caruaruense para Pernambuco &#8211; por Jorge Quintino"},"content":{"rendered":"<p>A Rodovi\u00e1ria Caruaruense foi muito mais do que uma empresa de transporte: ela se tornou um verdadeiro elo de integra\u00e7\u00e3o social, econ\u00f4mica e cultural em Pernambuco. Fundada em novembro de 1959, em um momento estrat\u00e9gico para o desenvolvimento de Caruaru e do Agreste, a empresa nasceu acompanhando o crescimento da cidade e ajudando a moldar sua voca\u00e7\u00e3o como polo regional.<br \/>\nAo longo de mais de seis d\u00e9cadas, a Caruaruense conectou munic\u00edpios, aproximou fam\u00edlias, facilitou o acesso ao com\u00e9rcio, \u00e0 educa\u00e7\u00e3o, \u00e0 sa\u00fade e ao trabalho. Para milhares de pernambucanos, especialmente no interior do estado, seus \u00f4nibus representaram a principal ponte entre o Agreste, a Zona da Mata, o Sert\u00e3o e a Regi\u00e3o Metropolitana do Recife, fortalecendo a mobilidade e a integra\u00e7\u00e3o territorial.<br \/>\nSeu papel no desenvolvimento econ\u00f4mico foi decisivo. Ao garantir transporte regular e confi\u00e1vel, a Rodovi\u00e1ria Caruaruense contribuiu para o escoamento da produ\u00e7\u00e3o regional, para o fortalecimento das feiras, do com\u00e9rcio e dos servi\u00e7os, al\u00e9m de impulsionar o turismo e a circula\u00e7\u00e3o de pessoas em eventos culturais e religiosos que marcam a identidade pernambucana.<br \/>\nO an\u00fancio do encerramento definitivo de suas atividades, ap\u00f3s mais de 60 anos de servi\u00e7os prestados, simboliza o fim de um ciclo hist\u00f3rico. As dificuldades econ\u00f4micas enfrentadas pelo setor, agravadas no per\u00edodo p\u00f3s-pandemia, evidenciam os desafios estruturais do transporte intermunicipal no Brasil. Ainda assim, a postura respons\u00e1vel da empresa, ao assegurar os direitos trabalhistas de seus colaboradores e cumprir suas obriga\u00e7\u00f5es legais, refor\u00e7a o legado de seriedade que sempre marcou sua trajet\u00f3ria.<br \/>\nA hist\u00f3ria da Rodovi\u00e1ria Caruaruense permanece viva na mem\u00f3ria coletiva de Pernambuco. Seu legado \u00e9 feito de trabalho, dedica\u00e7\u00e3o e servi\u00e7o p\u00fablico, deixando uma contribui\u00e7\u00e3o inestim\u00e1vel para o desenvolvimento do Agreste e do estado como um todo. Mais do que \u00f4nibus e linhas, a Caruaruense transportou sonhos, oportunidades e hist\u00f3rias que ajudaram a construir Pernambuco.<br \/>\nJorge Quintino \u00e9 vereador de Caruaru.<br \/>\nSiga o Instagram @portaledvaldomagalhaes<br \/>\nFoto: Divulga\u00e7\u00e3o<\/p>\n","protected":false},"excerpt":{"rendered":"<p>A Rodovi\u00e1ria Caruaruense foi muito mais do que uma empresa de transporte: ela se tornou um verdadeiro elo de integra\u00e7\u00e3o&hellip;<\/p>\n","protected":false},"author":1,"featured_media":126182,"comment_status":"closed","ping_status":"open","sticky":false,"template":"","format":"standard","meta":{"footnotes":""},"categories":[14120],"tags":[35670,13146,34634],"class_list":["post-126181","post","type-post","status-publish","format-standard","has-post-thumbnail","hentry","category-noticias","tag-a-importancia-da-rodoviaria-caruaruense-para-pernambuco-por-jorge-quintino","tag-blog-edvaldo-magalhaes","tag-portal-edvaldo-magalhaes"],"_links":{"self":[{"href":"https:\/\/blogdoedvaldomagalhaes.com.br\/index.php\/wp-json\/wp\/v2\/posts\/126181","targetHints":{"allow":["GET"]}}],"collection":[{"href":"https:\/\/blogdoedvaldomagalhaes.com.br\/index.php\/wp-json\/wp\/v2\/posts"}],"about":[{"href":"https:\/\/blogdoedvaldomagalhaes.com.br\/index.php\/wp-json\/wp\/v2\/types\/post"}],"author":[{"embeddable":true,"href":"https:\/\/blogdoedvaldomagalhaes.com.br\/index.php\/wp-json\/wp\/v2\/users\/1"}],"replies":[{"embeddable":true,"href":"https:\/\/blogdoedvaldomagalhaes.com.br\/index.php\/wp-json\/wp\/v2\/comments?post=126181"}],"version-history":[{"count":1,"href":"https:\/\/blogdoedvaldomagalhaes.com.br\/index.php\/wp-json\/wp\/v2\/posts\/126181\/revisions"}],"predecessor-version":[{"id":126183,"href":"https:\/\/blogdoedvaldomagalhaes.com.br\/index.php\/wp-json\/wp\/v2\/posts\/126181\/revisions\/126183"}],"wp:featuredmedia":[{"embeddable":true,"href":"https:\/\/blogdoedvaldomagalhaes.com.br\/index.php\/wp-json\/wp\/v2\/media\/126182"}],"wp:attachment":[{"href":"https:\/\/blogdoedvaldomagalhaes.com.br\/index.php\/wp-json\/wp\/v2\/media?parent=126181"}],"wp:term":[{"taxonomy":"category","embeddable":true,"href":"https:\/\/blogdoedvaldomagalhaes.com.br\/index.php\/wp-json\/wp\/v2\/categories?post=126181"},{"taxonomy":"post_tag","embeddable":true,"href":"https:\/\/blogdoedvaldomagalhaes.com.br\/index.php\/wp-json\/wp\/v2\/tags?post=126181"}],"curies":[{"name":"wp","href":"https:\/\/api.w.org\/{rel}","templated":true}]}}