{"id":126178,"date":"2026-01-16T18:19:33","date_gmt":"2026-01-16T21:19:33","guid":{"rendered":"https:\/\/blogdoedvaldomagalhaes.com.br\/?p=126178"},"modified":"2026-01-16T18:19:34","modified_gmt":"2026-01-16T21:19:34","slug":"anderson-correia-promove-acao-neste-sabado-17-na-via-parque-para-orientar-tutores-sobre-horarios-de-passeios-com-os-pets-no-verao","status":"publish","type":"post","link":"https:\/\/blogdoedvaldomagalhaes.com.br\/index.php\/2026\/01\/16\/anderson-correia-promove-acao-neste-sabado-17-na-via-parque-para-orientar-tutores-sobre-horarios-de-passeios-com-os-pets-no-verao\/","title":{"rendered":"Anderson Correia promove a\u00e7\u00e3o neste s\u00e1bado (17), na Via Parque, para orientar tutores sobre hor\u00e1rios de passeios com os pets no ver\u00e3o"},"content":{"rendered":"<p><span style=\"font-size: revert;\">O vereador e pr\u00e9-candidato a deputado estadual, Anderson Correia (UP), promove neste s\u00e1bado (17), juntamente com sua equipe, uma a\u00e7\u00e3o de conscientiza\u00e7\u00e3o voltada aos cuidados com os pets durante o per\u00edodo mais quente do ano. A iniciativa busca alertar tutores sobre os riscos de passeios em hor\u00e1rios de pico de calor, quando o solo \u2014 seja asfalto ou outros tipos de piso \u2014 pode atingir altas temperaturas e causar queimaduras nas patinhas dos animais.<\/span><\/p>\n<p>A a\u00e7\u00e3o acontece na Via Parque, na Avenida Rui Barbosa, em Caruaru, nas proximidades do INSS, a partir das 10h30, e \u00e9 aberta ao p\u00fablico. Durante a atividade, ser\u00e1 realizada panfletagem com materiais informativos e orienta\u00e7\u00f5es pr\u00e1ticas, refor\u00e7ando a import\u00e2ncia de passear com os animais em hor\u00e1rios adequados, como no in\u00edcio da manh\u00e3 ou no fim da tarde e \u00e0 noite, quando o piso est\u00e1 mais seguro.<\/p>\n<p>\u201cNosso objetivo \u00e9 conscientizar os tutores de que o calor excessivo do ch\u00e3o pode causar ferimentos graves nos pets. Com essa a\u00e7\u00e3o educativa e a distribui\u00e7\u00e3o de panfletos, queremos promover cuidado, bem-estar e dignidade para os animais, que s\u00e3o vidas e merecem respeito\u201d, destacou Correia.<br \/>\nSiga o Instagram @portaledvaldomagalhaes<br \/>\nFoto: Publicado<\/p>\n","protected":false},"excerpt":{"rendered":"<p>O vereador e pr\u00e9-candidato a deputado estadual, Anderson Correia (UP), promove neste s\u00e1bado (17), juntamente com sua equipe, uma a\u00e7\u00e3o&hellip;<\/p>\n","protected":false},"author":1,"featured_media":126179,"comment_status":"closed","ping_status":"open","sticky":false,"template":"","format":"standard","meta":{"footnotes":""},"categories":[14122],"tags":[20634,13146,34634],"class_list":["post-126178","post","type-post","status-publish","format-standard","has-post-thumbnail","hentry","category-politica","tag-anderson-correia","tag-blog-edvaldo-magalhaes","tag-portal-edvaldo-magalhaes"],"_links":{"self":[{"href":"https:\/\/blogdoedvaldomagalhaes.com.br\/index.php\/wp-json\/wp\/v2\/posts\/126178","targetHints":{"allow":["GET"]}}],"collection":[{"href":"https:\/\/blogdoedvaldomagalhaes.com.br\/index.php\/wp-json\/wp\/v2\/posts"}],"about":[{"href":"https:\/\/blogdoedvaldomagalhaes.com.br\/index.php\/wp-json\/wp\/v2\/types\/post"}],"author":[{"embeddable":true,"href":"https:\/\/blogdoedvaldomagalhaes.com.br\/index.php\/wp-json\/wp\/v2\/users\/1"}],"replies":[{"embeddable":true,"href":"https:\/\/blogdoedvaldomagalhaes.com.br\/index.php\/wp-json\/wp\/v2\/comments?post=126178"}],"version-history":[{"count":1,"href":"https:\/\/blogdoedvaldomagalhaes.com.br\/index.php\/wp-json\/wp\/v2\/posts\/126178\/revisions"}],"predecessor-version":[{"id":126180,"href":"https:\/\/blogdoedvaldomagalhaes.com.br\/index.php\/wp-json\/wp\/v2\/posts\/126178\/revisions\/126180"}],"wp:featuredmedia":[{"embeddable":true,"href":"https:\/\/blogdoedvaldomagalhaes.com.br\/index.php\/wp-json\/wp\/v2\/media\/126179"}],"wp:attachment":[{"href":"https:\/\/blogdoedvaldomagalhaes.com.br\/index.php\/wp-json\/wp\/v2\/media?parent=126178"}],"wp:term":[{"taxonomy":"category","embeddable":true,"href":"https:\/\/blogdoedvaldomagalhaes.com.br\/index.php\/wp-json\/wp\/v2\/categories?post=126178"},{"taxonomy":"post_tag","embeddable":true,"href":"https:\/\/blogdoedvaldomagalhaes.com.br\/index.php\/wp-json\/wp\/v2\/tags?post=126178"}],"curies":[{"name":"wp","href":"https:\/\/api.w.org\/{rel}","templated":true}]}}