{"id":126175,"date":"2026-01-16T16:57:36","date_gmt":"2026-01-16T19:57:36","guid":{"rendered":"https:\/\/blogdoedvaldomagalhaes.com.br\/?p=126175"},"modified":"2026-01-16T16:57:36","modified_gmt":"2026-01-16T19:57:36","slug":"aluno-do-colegio-gge-conquista-1o-lugar-geral-no-ssa-3-da-upe-e-garante-vaga-em-medicina","status":"publish","type":"post","link":"https:\/\/blogdoedvaldomagalhaes.com.br\/index.php\/2026\/01\/16\/aluno-do-colegio-gge-conquista-1o-lugar-geral-no-ssa-3-da-upe-e-garante-vaga-em-medicina\/","title":{"rendered":"Aluno do Col\u00e9gio GGE conquista 1\u00ba lugar geral no SSA 3 da UPE e garante vaga em Medicina"},"content":{"rendered":"<p><span style=\"font-size: revert;\">_Estudante de 17 anos da unidade Aldeia alcan\u00e7ou a maior nota do processo seletivo e celebra aprova\u00e7\u00e3o em um dos cursos mais concorridos do estado_<\/span><\/p>\n<p>O Col\u00e9gio GGE est\u00e1 comemorando um resultado hist\u00f3rico no Sistema Seriado de Avalia\u00e7\u00e3o (SSA) da Universidade de Pernambuco (UPE). O aluno Gabriel Pimentel, de 17 anos, estudante do 3\u00ba ano do Ensino M\u00e9dio da unidade Aldeia, conquistou o 1\u00ba lugar geral no SSA 3 da UPE 2026, com nota 86,07, garantindo aprova\u00e7\u00e3o no curso de Medicina, um dos mais concorridos da institui\u00e7\u00e3o. O resultado foi divulgado nesta sexta-feira (16).<\/p>\n<p>Aluno do GGE desde o in\u00edcio do Ensino M\u00e9dio, Gabriel conta que a escolha pela Medicina foi se consolidando ao longo de sua trajet\u00f3ria escolar. \u201cEssa decis\u00e3o reflete minhas experi\u00eancias ao longo do col\u00e9gio, principalmente no Ensino M\u00e9dio. Escolhi Medicina porque gosto de trabalhar com pessoas e tenho afinidade com \u00e1reas como Biologia e Qu\u00edmica\u201d, explica.<\/p>\n<p>Sobre a prepara\u00e7\u00e3o para o SSA, o estudante destaca a proposta pedag\u00f3gica integrada da escola. \u201cO GGE oferece um material did\u00e1tico muito completo, que atende tanto ao SSA quanto ao Enem. Quando se estuda para um, acaba se preparando para o outro tamb\u00e9m. Minha rotina sempre foi aprofundar a teoria e praticar com quest\u00f5es para consolidar o conte\u00fado\u201d, relata.<\/p>\n<p>O aluno tamb\u00e9m ressalta o papel da equipe pedag\u00f3gica. \u201cO acompanhamento dos professores e coordenadores foi fundamental. O aux\u00edlio desses profissionais contribuiu demais para a minha aprova\u00e7\u00e3o\u201d, diz. Para outros estudantes que sonham com Medicina, Gabriel deixa um conselho direto: \u201cTer foco e paci\u00eancia nos estudos. \u00c9 importante se aprofundar na teoria e depois praticar bastante com exerc\u00edcios\u201d.<\/p>\n<p>Para a diretora pedag\u00f3gica da unidade Aldeia, Karla Veras, a conquista reafirma a proposta educacional do col\u00e9gio. \u201cEsse primeiro lugar representa a confirma\u00e7\u00e3o de um trabalho s\u00e9rio, constru\u00eddo ao longo de 30 anos de dedica\u00e7\u00e3o \u00e0 educa\u00e7\u00e3o. Mais do que desempenho acad\u00eamico, esse resultado mostra que educar com prop\u00f3sito, acompanhamento e humanidade gera resultados extraordin\u00e1rios\u201d, destaca.<\/p>\n<p>Segundo ela, a metodologia do GGE \u00e9 baseada em planejamento estruturado, acompanhamento individualizado e forte atua\u00e7\u00e3o dos professores. \u201cValorizamos o aprofundamento dos conte\u00fados, a leitura cr\u00edtica, a interdisciplinaridade e a pr\u00e1tica constante com quest\u00f5es no formato do SSA, sempre incentivando o protagonismo do aluno\u201d, explica.<\/p>\n<p>O acompanhamento dos estudantes ocorre de forma cont\u00ednua ao longo do Ensino M\u00e9dio, com simulados, an\u00e1lises de desempenho e interven\u00e7\u00f5es pedag\u00f3gicas quando necess\u00e1rio, al\u00e9m do di\u00e1logo permanente com as fam\u00edlias. Al\u00e9m disso, h\u00e1 um cuidado com o aspecto emocional dos alunos. \u201cNo GGE, entendemos que n\u00e3o existe excel\u00eancia acad\u00eamica sem equil\u00edbrio emocional. Por isso, contamos com o Servi\u00e7o de Orienta\u00e7\u00e3o Educacional e Psicol\u00f3gica (SOEP), que atua de forma preventiva, oferecendo escuta qualificada e acompanhamento individualizado\u201d, afirma.<\/p>\n<p>Para a diretora, o resultado do SSA 3 \u00e9 fruto de um esfor\u00e7o coletivo. \u201cEssa conquista refor\u00e7a a for\u00e7a da parceria entre escola, alunos e fam\u00edlias. Ningu\u00e9m chega longe sozinho. A educa\u00e7\u00e3o, quando feita com amor, responsabilidade e uni\u00e3o, transforma vidas e abre caminhos para o futuro\u201d, conclui.<br \/>\nSiga o Instagram @portaledvaldomagalhaes.<br \/>\nFotos: Mayara Evelin\/Col\u00e9gio GGE<\/p>\n","protected":false},"excerpt":{"rendered":"<p>_Estudante de 17 anos da unidade Aldeia alcan\u00e7ou a maior nota do processo seletivo e celebra aprova\u00e7\u00e3o em um dos&hellip;<\/p>\n","protected":false},"author":1,"featured_media":126176,"comment_status":"closed","ping_status":"open","sticky":false,"template":"","format":"standard","meta":{"footnotes":""},"categories":[14120],"tags":[],"class_list":["post-126175","post","type-post","status-publish","format-standard","has-post-thumbnail","hentry","category-noticias"],"_links":{"self":[{"href":"https:\/\/blogdoedvaldomagalhaes.com.br\/index.php\/wp-json\/wp\/v2\/posts\/126175","targetHints":{"allow":["GET"]}}],"collection":[{"href":"https:\/\/blogdoedvaldomagalhaes.com.br\/index.php\/wp-json\/wp\/v2\/posts"}],"about":[{"href":"https:\/\/blogdoedvaldomagalhaes.com.br\/index.php\/wp-json\/wp\/v2\/types\/post"}],"author":[{"embeddable":true,"href":"https:\/\/blogdoedvaldomagalhaes.com.br\/index.php\/wp-json\/wp\/v2\/users\/1"}],"replies":[{"embeddable":true,"href":"https:\/\/blogdoedvaldomagalhaes.com.br\/index.php\/wp-json\/wp\/v2\/comments?post=126175"}],"version-history":[{"count":1,"href":"https:\/\/blogdoedvaldomagalhaes.com.br\/index.php\/wp-json\/wp\/v2\/posts\/126175\/revisions"}],"predecessor-version":[{"id":126177,"href":"https:\/\/blogdoedvaldomagalhaes.com.br\/index.php\/wp-json\/wp\/v2\/posts\/126175\/revisions\/126177"}],"wp:featuredmedia":[{"embeddable":true,"href":"https:\/\/blogdoedvaldomagalhaes.com.br\/index.php\/wp-json\/wp\/v2\/media\/126176"}],"wp:attachment":[{"href":"https:\/\/blogdoedvaldomagalhaes.com.br\/index.php\/wp-json\/wp\/v2\/media?parent=126175"}],"wp:term":[{"taxonomy":"category","embeddable":true,"href":"https:\/\/blogdoedvaldomagalhaes.com.br\/index.php\/wp-json\/wp\/v2\/categories?post=126175"},{"taxonomy":"post_tag","embeddable":true,"href":"https:\/\/blogdoedvaldomagalhaes.com.br\/index.php\/wp-json\/wp\/v2\/tags?post=126175"}],"curies":[{"name":"wp","href":"https:\/\/api.w.org\/{rel}","templated":true}]}}