{"id":126172,"date":"2026-01-16T14:36:42","date_gmt":"2026-01-16T17:36:42","guid":{"rendered":"https:\/\/blogdoedvaldomagalhaes.com.br\/?p=126172"},"modified":"2026-01-16T14:36:42","modified_gmt":"2026-01-16T17:36:42","slug":"vereador-junior-letal-busca-em-sao-paulo-solucoes-tecnologicas-para-caruaru","status":"publish","type":"post","link":"https:\/\/blogdoedvaldomagalhaes.com.br\/index.php\/2026\/01\/16\/vereador-junior-letal-busca-em-sao-paulo-solucoes-tecnologicas-para-caruaru\/","title":{"rendered":"Vereador J\u00fanior Letal busca em S\u00e3o Paulo solu\u00e7\u00f5es tecnol\u00f3gicas para Caruaru"},"content":{"rendered":"<p><span style=\"font-size: revert;\">Comprometido com o futuro de Caruaru, o vereador J\u00fanior Letal est\u00e1 em Ribeir\u00e3o Preto (SP) cumprindo uma agenda estrat\u00e9gica em busca de solu\u00e7\u00f5es tecnol\u00f3gicas e iniciativas inovadoras que possam ser aplicadas no munic\u00edpio.<\/span><\/p>\n<p>A visita tem como objetivo conhecer experi\u00eancias bem-sucedidas nas \u00e1reas de inova\u00e7\u00e3o, gest\u00e3o p\u00fablica e desenvolvimento urbano, trazendo ideias modernas que contribuam para melhorar os servi\u00e7os e a qualidade de vida da popula\u00e7\u00e3o caruaruense.<\/p>\n<p>\u201cNosso papel \u00e9 buscar fora o que est\u00e1 dando certo e adaptar \u00e0 realidade de Caruaru, sempre pensando no crescimento da cidade\u201d, destacou o vereador.<\/p>\n<p>A iniciativa refor\u00e7a um mandato atuante, que trabalha al\u00e9m dos limites do gabinete, com foco em resultados e na constru\u00e7\u00e3o de uma Caruaru mais moderna, inteligente e preparada para o futuro. Foto: Divulga\u00e7\u00e3o.<br \/>\nSiga o Instagram @portaledvaldomagalhaes<\/p>\n","protected":false},"excerpt":{"rendered":"<p>Comprometido com o futuro de Caruaru, o vereador J\u00fanior Letal est\u00e1 em Ribeir\u00e3o Preto (SP) cumprindo uma agenda estrat\u00e9gica em&hellip;<\/p>\n","protected":false},"author":1,"featured_media":126173,"comment_status":"closed","ping_status":"open","sticky":false,"template":"","format":"standard","meta":{"footnotes":""},"categories":[14122],"tags":[13146,20,34634,35669],"class_list":["post-126172","post","type-post","status-publish","format-standard","has-post-thumbnail","hentry","category-politica","tag-blog-edvaldo-magalhaes","tag-politica","tag-portal-edvaldo-magalhaes","tag-vereador-junior-letal-busca-em-sao-paulo-solucoes-tecnologicas-para-caruaru"],"_links":{"self":[{"href":"https:\/\/blogdoedvaldomagalhaes.com.br\/index.php\/wp-json\/wp\/v2\/posts\/126172","targetHints":{"allow":["GET"]}}],"collection":[{"href":"https:\/\/blogdoedvaldomagalhaes.com.br\/index.php\/wp-json\/wp\/v2\/posts"}],"about":[{"href":"https:\/\/blogdoedvaldomagalhaes.com.br\/index.php\/wp-json\/wp\/v2\/types\/post"}],"author":[{"embeddable":true,"href":"https:\/\/blogdoedvaldomagalhaes.com.br\/index.php\/wp-json\/wp\/v2\/users\/1"}],"replies":[{"embeddable":true,"href":"https:\/\/blogdoedvaldomagalhaes.com.br\/index.php\/wp-json\/wp\/v2\/comments?post=126172"}],"version-history":[{"count":1,"href":"https:\/\/blogdoedvaldomagalhaes.com.br\/index.php\/wp-json\/wp\/v2\/posts\/126172\/revisions"}],"predecessor-version":[{"id":126174,"href":"https:\/\/blogdoedvaldomagalhaes.com.br\/index.php\/wp-json\/wp\/v2\/posts\/126172\/revisions\/126174"}],"wp:featuredmedia":[{"embeddable":true,"href":"https:\/\/blogdoedvaldomagalhaes.com.br\/index.php\/wp-json\/wp\/v2\/media\/126173"}],"wp:attachment":[{"href":"https:\/\/blogdoedvaldomagalhaes.com.br\/index.php\/wp-json\/wp\/v2\/media?parent=126172"}],"wp:term":[{"taxonomy":"category","embeddable":true,"href":"https:\/\/blogdoedvaldomagalhaes.com.br\/index.php\/wp-json\/wp\/v2\/categories?post=126172"},{"taxonomy":"post_tag","embeddable":true,"href":"https:\/\/blogdoedvaldomagalhaes.com.br\/index.php\/wp-json\/wp\/v2\/tags?post=126172"}],"curies":[{"name":"wp","href":"https:\/\/api.w.org\/{rel}","templated":true}]}}