{"id":126166,"date":"2026-01-16T13:13:06","date_gmt":"2026-01-16T16:13:06","guid":{"rendered":"https:\/\/blogdoedvaldomagalhaes.com.br\/?p=126166"},"modified":"2026-01-16T13:18:46","modified_gmt":"2026-01-16T16:18:46","slug":"caruaruense-anuncia-encerramento-definitivo-de-suas-atividades","status":"publish","type":"post","link":"https:\/\/blogdoedvaldomagalhaes.com.br\/index.php\/2026\/01\/16\/caruaruense-anuncia-encerramento-definitivo-de-suas-atividades\/","title":{"rendered":"Caruaruense anuncia encerramento definitivo de suas atividades"},"content":{"rendered":"<p>Na manh\u00e3 desta sexta-feira (16.01), a empresa Logo Caruaruense anunciou o encerramento definitivo de suas atividades. A empresa tem <span style=\"font-size: revert;\">mais de 60 anos de atua\u00e7\u00e3o e pertence ao empres\u00e1rio e ex-governador Jo\u00e3o Lyra Neto.<br \/>\nSiga o Instagram @portaledvaldomagalhaes.<br \/>\nFoto: Reprodu\u00e7\u00e3o\/Instagram\/Logo Caruaruense\u00a0<\/span><\/p>\n","protected":false},"excerpt":{"rendered":"<p>Na manh\u00e3 desta sexta-feira (16.01), a empresa Logo Caruaruense anunciou o encerramento definitivo de suas atividades. A empresa tem mais&hellip;<\/p>\n","protected":false},"author":1,"featured_media":126167,"comment_status":"closed","ping_status":"open","sticky":false,"template":"","format":"standard","meta":{"footnotes":""},"categories":[14120],"tags":[13146,35668],"class_list":["post-126166","post","type-post","status-publish","format-standard","has-post-thumbnail","hentry","category-noticias","tag-blog-edvaldo-magalhaes","tag-caruaruense-anuncia-encerramento-definitivo-de-suas-atividades"],"_links":{"self":[{"href":"https:\/\/blogdoedvaldomagalhaes.com.br\/index.php\/wp-json\/wp\/v2\/posts\/126166","targetHints":{"allow":["GET"]}}],"collection":[{"href":"https:\/\/blogdoedvaldomagalhaes.com.br\/index.php\/wp-json\/wp\/v2\/posts"}],"about":[{"href":"https:\/\/blogdoedvaldomagalhaes.com.br\/index.php\/wp-json\/wp\/v2\/types\/post"}],"author":[{"embeddable":true,"href":"https:\/\/blogdoedvaldomagalhaes.com.br\/index.php\/wp-json\/wp\/v2\/users\/1"}],"replies":[{"embeddable":true,"href":"https:\/\/blogdoedvaldomagalhaes.com.br\/index.php\/wp-json\/wp\/v2\/comments?post=126166"}],"version-history":[{"count":3,"href":"https:\/\/blogdoedvaldomagalhaes.com.br\/index.php\/wp-json\/wp\/v2\/posts\/126166\/revisions"}],"predecessor-version":[{"id":126171,"href":"https:\/\/blogdoedvaldomagalhaes.com.br\/index.php\/wp-json\/wp\/v2\/posts\/126166\/revisions\/126171"}],"wp:featuredmedia":[{"embeddable":true,"href":"https:\/\/blogdoedvaldomagalhaes.com.br\/index.php\/wp-json\/wp\/v2\/media\/126167"}],"wp:attachment":[{"href":"https:\/\/blogdoedvaldomagalhaes.com.br\/index.php\/wp-json\/wp\/v2\/media?parent=126166"}],"wp:term":[{"taxonomy":"category","embeddable":true,"href":"https:\/\/blogdoedvaldomagalhaes.com.br\/index.php\/wp-json\/wp\/v2\/categories?post=126166"},{"taxonomy":"post_tag","embeddable":true,"href":"https:\/\/blogdoedvaldomagalhaes.com.br\/index.php\/wp-json\/wp\/v2\/tags?post=126166"}],"curies":[{"name":"wp","href":"https:\/\/api.w.org\/{rel}","templated":true}]}}