{"id":126162,"date":"2026-01-16T10:36:49","date_gmt":"2026-01-16T13:36:49","guid":{"rendered":"https:\/\/blogdoedvaldomagalhaes.com.br\/?p=126162"},"modified":"2026-01-16T10:36:49","modified_gmt":"2026-01-16T13:36:49","slug":"prefeitura-de-caruaru-amplia-oferta-de-ressonancia-magnetica-e-avanca-na-reducao-da-fila-de-espera","status":"publish","type":"post","link":"https:\/\/blogdoedvaldomagalhaes.com.br\/index.php\/2026\/01\/16\/prefeitura-de-caruaru-amplia-oferta-de-ressonancia-magnetica-e-avanca-na-reducao-da-fila-de-espera\/","title":{"rendered":"Prefeitura de Caruaru amplia oferta de resson\u00e2ncia magn\u00e9tica e avan\u00e7a na redu\u00e7\u00e3o da fila de espera"},"content":{"rendered":"<p><span style=\"font-size: revert;\">Em parceria com o Governo do Estado, a Prefeitura de Caruaru e a Secretaria Municipal de Sa\u00fade est\u00e1 ampliando a oferta de exames de Resson\u00e2ncia Magn\u00e9tica, com o objetivo de zerar a fila de espera da Regula\u00e7\u00e3o Municipal.<\/span><\/p>\n<p>Os agendamentos est\u00e3o previstos para esta sexta-feira, 16 de janeiro, contemplando 55 usu\u00e1rios, sendo 42 encaminhados para unidades na cidade do Recife. A iniciativa garante mais agilidade no diagn\u00f3stico e no acompanhamento dos pacientes que aguardavam pelo exame.<\/p>\n<p>Para assegurar o acesso ao servi\u00e7o, o munic\u00edpio tamb\u00e9m ir\u00e1 disponibilizar transporte gratuito at\u00e9 a Regi\u00e3o Metropolitana, garantindo seguran\u00e7a, conforto e tranquilidade aos usu\u00e1rios durante o deslocamento.<\/p>\n<p>De acordo com o secret\u00e1rio municipal de Sa\u00fade, Matheus Neves, a a\u00e7\u00e3o representa um avan\u00e7o importante na assist\u00eancia especializada. \u201cEstamos trabalhando de forma integrada com o Governo do Estado para reduzir filas hist\u00f3ricas e garantir que a popula\u00e7\u00e3o tenha acesso aos exames no tempo adequado. Al\u00e9m do agendamento, o transporte oferecido pelo munic\u00edpio \u00e9 fundamental para assegurar que nenhum usu\u00e1rio deixe de realizar o exame por dificuldade de locomo\u00e7\u00e3o\u201d, destacou.<\/p>\n<p>Os pacientes contemplados foram comunicados diretamente por meio de liga\u00e7\u00e3o telef\u00f4nica. Com o agendamento feito, a Regula\u00e7\u00e3o repassar\u00e1 todas as orienta\u00e7\u00f5es necess\u00e1rias sobre data, hor\u00e1rio e local de embarque. Foto: Divulga\u00e7\u00e3o. \u00a0<br \/>Siga o Instagram @portaledvaldomagalhaes<\/p>\n\n\n<p><\/p>\n","protected":false},"excerpt":{"rendered":"<p>Em parceria com o Governo do Estado, a Prefeitura de Caruaru e a Secretaria Municipal de Sa\u00fade est\u00e1 ampliando a&hellip;<\/p>\n","protected":false},"author":1,"featured_media":126163,"comment_status":"closed","ping_status":"open","sticky":false,"template":"","format":"standard","meta":{"footnotes":""},"categories":[14120],"tags":[13146,34634,141],"class_list":["post-126162","post","type-post","status-publish","format-standard","has-post-thumbnail","hentry","category-noticias","tag-blog-edvaldo-magalhaes","tag-portal-edvaldo-magalhaes","tag-prefeitura-de-caruaru"],"_links":{"self":[{"href":"https:\/\/blogdoedvaldomagalhaes.com.br\/index.php\/wp-json\/wp\/v2\/posts\/126162","targetHints":{"allow":["GET"]}}],"collection":[{"href":"https:\/\/blogdoedvaldomagalhaes.com.br\/index.php\/wp-json\/wp\/v2\/posts"}],"about":[{"href":"https:\/\/blogdoedvaldomagalhaes.com.br\/index.php\/wp-json\/wp\/v2\/types\/post"}],"author":[{"embeddable":true,"href":"https:\/\/blogdoedvaldomagalhaes.com.br\/index.php\/wp-json\/wp\/v2\/users\/1"}],"replies":[{"embeddable":true,"href":"https:\/\/blogdoedvaldomagalhaes.com.br\/index.php\/wp-json\/wp\/v2\/comments?post=126162"}],"version-history":[{"count":1,"href":"https:\/\/blogdoedvaldomagalhaes.com.br\/index.php\/wp-json\/wp\/v2\/posts\/126162\/revisions"}],"predecessor-version":[{"id":126164,"href":"https:\/\/blogdoedvaldomagalhaes.com.br\/index.php\/wp-json\/wp\/v2\/posts\/126162\/revisions\/126164"}],"wp:featuredmedia":[{"embeddable":true,"href":"https:\/\/blogdoedvaldomagalhaes.com.br\/index.php\/wp-json\/wp\/v2\/media\/126163"}],"wp:attachment":[{"href":"https:\/\/blogdoedvaldomagalhaes.com.br\/index.php\/wp-json\/wp\/v2\/media?parent=126162"}],"wp:term":[{"taxonomy":"category","embeddable":true,"href":"https:\/\/blogdoedvaldomagalhaes.com.br\/index.php\/wp-json\/wp\/v2\/categories?post=126162"},{"taxonomy":"post_tag","embeddable":true,"href":"https:\/\/blogdoedvaldomagalhaes.com.br\/index.php\/wp-json\/wp\/v2\/tags?post=126162"}],"curies":[{"name":"wp","href":"https:\/\/api.w.org\/{rel}","templated":true}]}}