{"id":126123,"date":"2026-01-14T17:54:55","date_gmt":"2026-01-14T20:54:55","guid":{"rendered":"https:\/\/blogdoedvaldomagalhaes.com.br\/?p=126123"},"modified":"2026-01-14T18:46:06","modified_gmt":"2026-01-14T21:46:06","slug":"calcinha-preta-limao-com-mel-priscila-senna-e-jose-augusto-animam-festa-do-padroeiro-de-vitoria-e-400-anos-de-fundacao-da-cidade","status":"publish","type":"post","link":"https:\/\/blogdoedvaldomagalhaes.com.br\/index.php\/2026\/01\/14\/calcinha-preta-limao-com-mel-priscila-senna-e-jose-augusto-animam-festa-do-padroeiro-de-vitoria-e-400-anos-de-fundacao-da-cidade\/","title":{"rendered":"Calcinha Preta, Lim\u00e3o Com Mel, Priscila Senna e Jos\u00e9 Augusto animam festa do padroeiro de Vit\u00f3ria e 400 anos de funda\u00e7\u00e3o da cidade"},"content":{"rendered":"<p><span style=\"font-size: revert;\">Vit\u00f3ria de Santo Ant\u00e3o comemora neste final de semana os 400 anos de sua funda\u00e7\u00e3o e mais uma edi\u00e7\u00e3o da festa de seu padroeiro. Para agitar a cidade sat\u00e9lite da Zona da Mata, o prefeito do munic\u00edpio, Paulo Roberto, confirmou que nesta sexta-feira e s\u00e1bado, 16 e 17, nomes de peso da m\u00fasica nacional se apresentam na Avenida 17 de Janeiro, antiga Silva Jardim. A nova via, inclusive, ser\u00e1 oficialmente entregue no primeiro dia do evento, ap\u00f3s ser renomeada pela Lei Municipal 5.213\/2025.<\/span><\/p>\n<p>Para tornar as celebra\u00e7\u00f5es ainda mais especiais, Calcinha Preta, Lim\u00e3o Com Mel e Victor Lins se apresentam na sexta-feira, a partir das 19h. No s\u00e1bado, a programa\u00e7\u00e3o est\u00e1 voltada ao romantismo, com Priscila Senna, Jos\u00e9 Augusto e Ery Mello. A estrutura para congratular os quatro s\u00e9culos da Terra das Tabocas envolve diversas equipes de seguran\u00e7a, log\u00edstica, ordena\u00e7\u00e3o do tr\u00e2nsito, e orienta\u00e7\u00e3o ao turista.<\/p>\n<p>\u201cA nossa cidade est\u00e1 em festa pelos seus quatrocentos anos e nada melhor do que saber que estamos no caminho certo. Ser\u00e1 um ano de muitas comemora\u00e7\u00f5es, n\u00e3o somente nas ruas e nos palcos, mas nos indicadores, na melhoria da infraestrutura, e na conclus\u00e3o de projetos de desenvolvimento em todos os setores. Voc\u00ea que mora em outra cidade, venha conhecer esse munic\u00edpio que carrega o orgulho de uma na\u00e7\u00e3o, que tem o sentimento de pertencimento de um povo aguerrido\u201d, salientou Paulo Roberto.<\/p>\n<p>As celebra\u00e7\u00f5es a Santo Ant\u00e3o ocorrem desde o dia 06 de janeiro, com missas e a presen\u00e7a de p\u00e1rocos renomados. No p\u00e1tio da Matriz, as noites s\u00e3o contempladas com m\u00fasica ao vivo e venda de comida na quermesse. No dia 17, \u00e0s 5h30, corrida e caminhada saem do Ponto de Partida, na Esta\u00e7\u00e3o Ferrovi\u00e1ria, com percursos de 6km e 3,5 km. \u00c0 tarde, a partir das 16h, ocorre a prociss\u00e3o com as imagens do padroeiro e do copadroeiro S\u00e3o Sebasti\u00e3o. Foto: Divulga\u00e7\u00e3o.<br \/>\nSiga o Instagram @portaledvaldomagalhaes<\/p>\n","protected":false},"excerpt":{"rendered":"<p>Vit\u00f3ria de Santo Ant\u00e3o comemora neste final de semana os 400 anos de sua funda\u00e7\u00e3o e mais uma edi\u00e7\u00e3o da&hellip;<\/p>\n","protected":false},"author":1,"featured_media":126124,"comment_status":"closed","ping_status":"open","sticky":false,"template":"","format":"standard","meta":{"footnotes":""},"categories":[14120],"tags":[13146,35660,35659,11715,7131,34634,4087],"class_list":["post-126123","post","type-post","status-publish","format-standard","has-post-thumbnail","hentry","category-noticias","tag-blog-edvaldo-magalhaes","tag-calcinha-preta","tag-festa-do-padroeiro-de-vitoria-de-santo-antao","tag-jose-augusto","tag-limao-com-mel","tag-portal-edvaldo-magalhaes","tag-priscila-senna"],"_links":{"self":[{"href":"https:\/\/blogdoedvaldomagalhaes.com.br\/index.php\/wp-json\/wp\/v2\/posts\/126123","targetHints":{"allow":["GET"]}}],"collection":[{"href":"https:\/\/blogdoedvaldomagalhaes.com.br\/index.php\/wp-json\/wp\/v2\/posts"}],"about":[{"href":"https:\/\/blogdoedvaldomagalhaes.com.br\/index.php\/wp-json\/wp\/v2\/types\/post"}],"author":[{"embeddable":true,"href":"https:\/\/blogdoedvaldomagalhaes.com.br\/index.php\/wp-json\/wp\/v2\/users\/1"}],"replies":[{"embeddable":true,"href":"https:\/\/blogdoedvaldomagalhaes.com.br\/index.php\/wp-json\/wp\/v2\/comments?post=126123"}],"version-history":[{"count":1,"href":"https:\/\/blogdoedvaldomagalhaes.com.br\/index.php\/wp-json\/wp\/v2\/posts\/126123\/revisions"}],"predecessor-version":[{"id":126125,"href":"https:\/\/blogdoedvaldomagalhaes.com.br\/index.php\/wp-json\/wp\/v2\/posts\/126123\/revisions\/126125"}],"wp:featuredmedia":[{"embeddable":true,"href":"https:\/\/blogdoedvaldomagalhaes.com.br\/index.php\/wp-json\/wp\/v2\/media\/126124"}],"wp:attachment":[{"href":"https:\/\/blogdoedvaldomagalhaes.com.br\/index.php\/wp-json\/wp\/v2\/media?parent=126123"}],"wp:term":[{"taxonomy":"category","embeddable":true,"href":"https:\/\/blogdoedvaldomagalhaes.com.br\/index.php\/wp-json\/wp\/v2\/categories?post=126123"},{"taxonomy":"post_tag","embeddable":true,"href":"https:\/\/blogdoedvaldomagalhaes.com.br\/index.php\/wp-json\/wp\/v2\/tags?post=126123"}],"curies":[{"name":"wp","href":"https:\/\/api.w.org\/{rel}","templated":true}]}}