{"id":126117,"date":"2026-01-14T10:49:57","date_gmt":"2026-01-14T13:49:57","guid":{"rendered":"https:\/\/blogdoedvaldomagalhaes.com.br\/?p=126117"},"modified":"2026-01-14T10:49:57","modified_gmt":"2026-01-14T13:49:57","slug":"sismuc-se-reune-com-profissionais-de-apoio-escolar-e-auxiliares-para-discutir-nova-lei-federal","status":"publish","type":"post","link":"https:\/\/blogdoedvaldomagalhaes.com.br\/index.php\/2026\/01\/14\/sismuc-se-reune-com-profissionais-de-apoio-escolar-e-auxiliares-para-discutir-nova-lei-federal\/","title":{"rendered":"SISMUC se re\u00fane com profissionais de apoio escolar e auxiliares para discutir nova Lei Federal"},"content":{"rendered":"<p><span style=\"font-size: revert;\">Na segunda-feira (12), a diretoria do SISMUC Regional, representada pelo presidente Eduardo Mendon\u00e7a e pela secret\u00e1ria Rosineide Mota, recebeu uma comiss\u00e3o de profissionais de apoio escolar e auxiliares para debater a implementa\u00e7\u00e3o da Lei n\u00ba 15.326\/2026. A nova legisla\u00e7\u00e3o, sancionada recentemente, promove altera\u00e7\u00f5es significativas na Lei do Piso Salarial Profissional Nacional e na Lei de Diretrizes e Bases da Educa\u00e7\u00e3o (LDB). O encontro teve como foco principal identificar os profissionais contemplados pela atualiza\u00e7\u00e3o normativa e tra\u00e7ar as estrat\u00e9gias necess\u00e1rias para que os novos direitos sejam efetivados no \u00e2mbito municipal.<\/span><\/p>\n<p>Durante a reuni\u00e3o, os servidores entregaram formalmente o Of\u00edcio n\u00ba 0001\/2026, que solicita o enquadramento imediato da categoria conforme as novas diretrizes legais. O documento foi acompanhado de um requerimento administrativo e de um parecer jur\u00eddico detalhado, que servir\u00e3o de base para a fundamenta\u00e7\u00e3o do pleito junto \u00e0 administra\u00e7\u00e3o p\u00fablica. Os dirigentes sindicais refor\u00e7aram o compromisso da entidade em dar celeridade ao processo, garantindo que as mudan\u00e7as na legisla\u00e7\u00e3o federal se traduzam em valoriza\u00e7\u00e3o real para os trabalhadores do apoio escolar.<\/p>\n<p>Como desdobramento imediato, as demandas apresentadas pela comiss\u00e3o ser\u00e3o levadas \u00e0 gest\u00e3o municipal nesta semana. O sindicato confirmou a realiza\u00e7\u00e3o de uma reuni\u00e3o com o Secret\u00e1rio de Educa\u00e7\u00e3o de Caruaru, Kaio Cola\u00e7o, agendada para a pr\u00f3xima quinta-feira (15), \u00e0s 13h. Na ocasi\u00e3o, a diretoria do sindicato apresentar\u00e1 os documentos protocolados pelos servidores e buscar\u00e1 solu\u00e7\u00f5es pr\u00e1ticas para o cumprimento da lei, assegurando os direitos da categoria perante o munic\u00edpio. Foto: Divulga\u00e7\u00e3o. \u00a0\u00a0<br \/>Siga o Instagram @portaledvaldomagalhaes<\/p>\n\n\n<p><\/p>\n","protected":false},"excerpt":{"rendered":"<p>Na segunda-feira (12), a diretoria do SISMUC Regional, representada pelo presidente Eduardo Mendon\u00e7a e pela secret\u00e1ria Rosineide Mota, recebeu uma&hellip;<\/p>\n","protected":false},"author":1,"featured_media":126118,"comment_status":"closed","ping_status":"open","sticky":false,"template":"","format":"standard","meta":{"footnotes":""},"categories":[14120],"tags":[13146,34634,7918],"class_list":["post-126117","post","type-post","status-publish","format-standard","has-post-thumbnail","hentry","category-noticias","tag-blog-edvaldo-magalhaes","tag-portal-edvaldo-magalhaes","tag-sismuc-regional"],"_links":{"self":[{"href":"https:\/\/blogdoedvaldomagalhaes.com.br\/index.php\/wp-json\/wp\/v2\/posts\/126117","targetHints":{"allow":["GET"]}}],"collection":[{"href":"https:\/\/blogdoedvaldomagalhaes.com.br\/index.php\/wp-json\/wp\/v2\/posts"}],"about":[{"href":"https:\/\/blogdoedvaldomagalhaes.com.br\/index.php\/wp-json\/wp\/v2\/types\/post"}],"author":[{"embeddable":true,"href":"https:\/\/blogdoedvaldomagalhaes.com.br\/index.php\/wp-json\/wp\/v2\/users\/1"}],"replies":[{"embeddable":true,"href":"https:\/\/blogdoedvaldomagalhaes.com.br\/index.php\/wp-json\/wp\/v2\/comments?post=126117"}],"version-history":[{"count":1,"href":"https:\/\/blogdoedvaldomagalhaes.com.br\/index.php\/wp-json\/wp\/v2\/posts\/126117\/revisions"}],"predecessor-version":[{"id":126119,"href":"https:\/\/blogdoedvaldomagalhaes.com.br\/index.php\/wp-json\/wp\/v2\/posts\/126117\/revisions\/126119"}],"wp:featuredmedia":[{"embeddable":true,"href":"https:\/\/blogdoedvaldomagalhaes.com.br\/index.php\/wp-json\/wp\/v2\/media\/126118"}],"wp:attachment":[{"href":"https:\/\/blogdoedvaldomagalhaes.com.br\/index.php\/wp-json\/wp\/v2\/media?parent=126117"}],"wp:term":[{"taxonomy":"category","embeddable":true,"href":"https:\/\/blogdoedvaldomagalhaes.com.br\/index.php\/wp-json\/wp\/v2\/categories?post=126117"},{"taxonomy":"post_tag","embeddable":true,"href":"https:\/\/blogdoedvaldomagalhaes.com.br\/index.php\/wp-json\/wp\/v2\/tags?post=126117"}],"curies":[{"name":"wp","href":"https:\/\/api.w.org\/{rel}","templated":true}]}}