{"id":126111,"date":"2026-01-13T23:13:02","date_gmt":"2026-01-14T02:13:02","guid":{"rendered":"https:\/\/blogdoedvaldomagalhaes.com.br\/?p=126111"},"modified":"2026-01-14T08:52:05","modified_gmt":"2026-01-14T11:52:05","slug":"jovem-e-assassinado-a-tiros-em-caruaru-5","status":"publish","type":"post","link":"https:\/\/blogdoedvaldomagalhaes.com.br\/index.php\/2026\/01\/13\/jovem-e-assassinado-a-tiros-em-caruaru-5\/","title":{"rendered":"Jovem \u00e9 assassinado a tiros em Caruaru"},"content":{"rendered":"<p>Um homic\u00eddio aconteceu na noite desta ter\u00e7a-feira (13.01), no Residencial Luiz Bezerra Torres, em Caruaru. A v\u00edtima foi identificada como Jos\u00e9 Renato Pereira da Silva, de 21 anos. O jovem foi emboscado e executado a tiros na Quadra 50. Ele morava no S\u00edtio Posse, zona rural de S\u00e3o Caetano. Autoria e motiva\u00e7\u00e3o do crime est\u00e3o sendo investigadas pela Pol\u00edcia Civil. Este foi o 4\u00ba homic\u00eddio de janeiro.<\/p>\n<p>Siga o Instagram @portaledvaldomagalhaes e comente<br \/>\nFoto: Reprodu\u00e7\u00e3o\/WhatsApp<\/p>\n","protected":false},"excerpt":{"rendered":"<p>Um homic\u00eddio aconteceu na noite desta ter\u00e7a-feira (13.01), no Residencial Luiz Bezerra Torres, em Caruaru. A v\u00edtima foi identificada como&hellip;<\/p>\n","protected":false},"author":1,"featured_media":126112,"comment_status":"closed","ping_status":"open","sticky":false,"template":"","format":"standard","meta":{"footnotes":""},"categories":[14121],"tags":[27410,13146,5448,34634],"class_list":["post-126111","post","type-post","status-publish","format-standard","has-post-thumbnail","hentry","category-policial","tag-blog-de-caruaru","tag-blog-edvaldo-magalhaes","tag-homicidio","tag-portal-edvaldo-magalhaes"],"_links":{"self":[{"href":"https:\/\/blogdoedvaldomagalhaes.com.br\/index.php\/wp-json\/wp\/v2\/posts\/126111","targetHints":{"allow":["GET"]}}],"collection":[{"href":"https:\/\/blogdoedvaldomagalhaes.com.br\/index.php\/wp-json\/wp\/v2\/posts"}],"about":[{"href":"https:\/\/blogdoedvaldomagalhaes.com.br\/index.php\/wp-json\/wp\/v2\/types\/post"}],"author":[{"embeddable":true,"href":"https:\/\/blogdoedvaldomagalhaes.com.br\/index.php\/wp-json\/wp\/v2\/users\/1"}],"replies":[{"embeddable":true,"href":"https:\/\/blogdoedvaldomagalhaes.com.br\/index.php\/wp-json\/wp\/v2\/comments?post=126111"}],"version-history":[{"count":3,"href":"https:\/\/blogdoedvaldomagalhaes.com.br\/index.php\/wp-json\/wp\/v2\/posts\/126111\/revisions"}],"predecessor-version":[{"id":126116,"href":"https:\/\/blogdoedvaldomagalhaes.com.br\/index.php\/wp-json\/wp\/v2\/posts\/126111\/revisions\/126116"}],"wp:featuredmedia":[{"embeddable":true,"href":"https:\/\/blogdoedvaldomagalhaes.com.br\/index.php\/wp-json\/wp\/v2\/media\/126112"}],"wp:attachment":[{"href":"https:\/\/blogdoedvaldomagalhaes.com.br\/index.php\/wp-json\/wp\/v2\/media?parent=126111"}],"wp:term":[{"taxonomy":"category","embeddable":true,"href":"https:\/\/blogdoedvaldomagalhaes.com.br\/index.php\/wp-json\/wp\/v2\/categories?post=126111"},{"taxonomy":"post_tag","embeddable":true,"href":"https:\/\/blogdoedvaldomagalhaes.com.br\/index.php\/wp-json\/wp\/v2\/tags?post=126111"}],"curies":[{"name":"wp","href":"https:\/\/api.w.org\/{rel}","templated":true}]}}