{"id":126108,"date":"2026-01-13T22:46:19","date_gmt":"2026-01-14T01:46:19","guid":{"rendered":"https:\/\/blogdoedvaldomagalhaes.com.br\/?p=126108"},"modified":"2026-01-13T22:46:19","modified_gmt":"2026-01-14T01:46:19","slug":"defesa-civil-orienta-uso-de-drones-no-pre-carnaval-de-caruaru","status":"publish","type":"post","link":"https:\/\/blogdoedvaldomagalhaes.com.br\/index.php\/2026\/01\/13\/defesa-civil-orienta-uso-de-drones-no-pre-carnaval-de-caruaru\/","title":{"rendered":"Defesa Civil orienta uso de drones no Pr\u00e9-Carnaval de Caruaru"},"content":{"rendered":"<p><span style=\"font-size: revert;\">A Secretaria de Seguran\u00e7a Municipal e da Defesa Civil, divulgou as regras para opera\u00e7\u00e3o de drones durante o Pr\u00e9-Carnaval Multicultural 2026, que acontece nos dias 6 e 7 de fevereiro. O prazo para envio da documenta\u00e7\u00e3o \u00e9 at\u00e9 o dia 26 de janeiro.<\/span><\/p>\n<p>Os interessados devem protocolar a solicita\u00e7\u00e3o pelo link<br \/>\nhttps:\/\/caruaru.1doc.com.br\/b.php?pg=wp\/wp&amp;itd=5, acessando Defesa Civil e o servi\u00e7o \u201cSolicita\u00e7\u00e3o para Uso de RPA\u201d, com toda a documenta\u00e7\u00e3o exigida anexada.<\/p>\n<p>Ap\u00f3s an\u00e1lise e deferimento, os dados do piloto e da aeronave ser\u00e3o enviados ao Terceiro Centro Integrado de Defesa A\u00e9rea e Controle de Tr\u00e1fego A\u00e9reo (Cindacta 3). Em seguida, o piloto dever\u00e1 solicitar a autoriza\u00e7\u00e3o do espa\u00e7o a\u00e9reo ao Departamento de Controle do Espa\u00e7o A\u00e9reo (Decea), etapa obrigat\u00f3ria para a libera\u00e7\u00e3o do voo.<\/p>\n<p>Ser\u00e1 criado um grupo de WhatsApp para comunica\u00e7\u00e3o direta entre a Defesa Civil e os pilotos. Em opera\u00e7\u00f5es com drones ou helic\u00f3pteros das for\u00e7as de seguran\u00e7a, todos os drones civis dever\u00e3o permanecer em solo. O descumprimento das regras pode resultar no cancelamento da autoriza\u00e7\u00e3o.<\/p>\n<p>Os formul\u00e1rios de Avalia\u00e7\u00e3o de Risco, Solicita\u00e7\u00e3o e Checklist ser\u00e3o disponibilizados no per\u00edodo de inscri\u00e7\u00e3o.<br \/>\nMais informa\u00e7\u00f5es: (81) 9 8384-2411.<br \/>\nSiga o Instagram @portaledvaldomagalhaes<br \/>\nFoto a\u00e9rea: Divulga\u00e7\u00e3o\/PMC<\/p>\n","protected":false},"excerpt":{"rendered":"<p>A Secretaria de Seguran\u00e7a Municipal e da Defesa Civil, divulgou as regras para opera\u00e7\u00e3o de drones durante o Pr\u00e9-Carnaval Multicultural&hellip;<\/p>\n","protected":false},"author":1,"featured_media":126109,"comment_status":"closed","ping_status":"open","sticky":false,"template":"","format":"standard","meta":{"footnotes":""},"categories":[14120],"tags":[13146,35658,34634],"class_list":["post-126108","post","type-post","status-publish","format-standard","has-post-thumbnail","hentry","category-noticias","tag-blog-edvaldo-magalhaes","tag-defesa-civil-orienta-uso-de-drones-no-pre-carnaval-de-caruaru","tag-portal-edvaldo-magalhaes"],"_links":{"self":[{"href":"https:\/\/blogdoedvaldomagalhaes.com.br\/index.php\/wp-json\/wp\/v2\/posts\/126108","targetHints":{"allow":["GET"]}}],"collection":[{"href":"https:\/\/blogdoedvaldomagalhaes.com.br\/index.php\/wp-json\/wp\/v2\/posts"}],"about":[{"href":"https:\/\/blogdoedvaldomagalhaes.com.br\/index.php\/wp-json\/wp\/v2\/types\/post"}],"author":[{"embeddable":true,"href":"https:\/\/blogdoedvaldomagalhaes.com.br\/index.php\/wp-json\/wp\/v2\/users\/1"}],"replies":[{"embeddable":true,"href":"https:\/\/blogdoedvaldomagalhaes.com.br\/index.php\/wp-json\/wp\/v2\/comments?post=126108"}],"version-history":[{"count":1,"href":"https:\/\/blogdoedvaldomagalhaes.com.br\/index.php\/wp-json\/wp\/v2\/posts\/126108\/revisions"}],"predecessor-version":[{"id":126110,"href":"https:\/\/blogdoedvaldomagalhaes.com.br\/index.php\/wp-json\/wp\/v2\/posts\/126108\/revisions\/126110"}],"wp:featuredmedia":[{"embeddable":true,"href":"https:\/\/blogdoedvaldomagalhaes.com.br\/index.php\/wp-json\/wp\/v2\/media\/126109"}],"wp:attachment":[{"href":"https:\/\/blogdoedvaldomagalhaes.com.br\/index.php\/wp-json\/wp\/v2\/media?parent=126108"}],"wp:term":[{"taxonomy":"category","embeddable":true,"href":"https:\/\/blogdoedvaldomagalhaes.com.br\/index.php\/wp-json\/wp\/v2\/categories?post=126108"},{"taxonomy":"post_tag","embeddable":true,"href":"https:\/\/blogdoedvaldomagalhaes.com.br\/index.php\/wp-json\/wp\/v2\/tags?post=126108"}],"curies":[{"name":"wp","href":"https:\/\/api.w.org\/{rel}","templated":true}]}}