{"id":126105,"date":"2026-01-13T22:11:23","date_gmt":"2026-01-14T01:11:23","guid":{"rendered":"https:\/\/blogdoedvaldomagalhaes.com.br\/?p=126105"},"modified":"2026-01-13T22:42:12","modified_gmt":"2026-01-14T01:42:12","slug":"prefeitura-na-porta-abre-calendario-de-2026-no-bairro-nina-liberato-com-mutirao-de-limpeza-e-oferta-de-servicos","status":"publish","type":"post","link":"https:\/\/blogdoedvaldomagalhaes.com.br\/index.php\/2026\/01\/13\/prefeitura-na-porta-abre-calendario-de-2026-no-bairro-nina-liberato-com-mutirao-de-limpeza-e-oferta-de-servicos\/","title":{"rendered":"&#8220;Prefeitura na Porta&#8221; abre calend\u00e1rio de 2026 no bairro Nina Liberato com\u00a0mutir\u00e3o de limpeza e oferta de servi\u00e7os"},"content":{"rendered":"<p><span style=\"font-size: revert;\">A Prefeitura de Caruaru, por meio da Secretaria de Servi\u00e7os P\u00fablicos (Sesp), realiza, a partir do dia 19 de janeiro, no bairro Nina Liberato, a primeira edi\u00e7\u00e3o de 2026 do programa \u201cPrefeitura na Porta\u201d, levando um mutir\u00e3o de servi\u00e7os de limpeza, manuten\u00e7\u00e3o e zeladoria urbana para a comunidade.<\/span><\/p>\n<p>Durante a a\u00e7\u00e3o, ser\u00e3o realizados servi\u00e7os de capina\u00e7\u00e3o, varri\u00e7\u00e3o, poda, remo\u00e7\u00e3o de lixo e entulhos, limpeza de rios e canais, ilumina\u00e7\u00e3o p\u00fablica, cata-treco, al\u00e9m de atendimentos veterin\u00e1rios no castram\u00f3vel.<\/p>\n<p>O \u201cPrefeitura na Porta\u201d se consolidou por concentrar diversos servi\u00e7os em um mesmo per\u00edodo, com as equipes permanecendo nos bairros at\u00e9 que as \u00e1reas p\u00fablicas estejam limpas e organizadas.<\/p>\n<p>A escolha das localidades atendidas segue crit\u00e9rios t\u00e9cnicos da Secretaria de Servi\u00e7os P\u00fablicos, aliados \u00e0s solicita\u00e7\u00f5es dos moradores e \u00e0 demanda pelos servi\u00e7os de zeladoria em cada bairro. Foto: Divulga\u00e7\u00e3o\/Secom.<br \/>\nSiga o Instagram @portaledvaldomagalhaes<\/p>\n","protected":false},"excerpt":{"rendered":"<p>A Prefeitura de Caruaru, por meio da Secretaria de Servi\u00e7os P\u00fablicos (Sesp), realiza, a partir do dia 19 de janeiro,&hellip;<\/p>\n","protected":false},"author":1,"featured_media":126107,"comment_status":"closed","ping_status":"open","sticky":false,"template":"","format":"standard","meta":{"footnotes":""},"categories":[14122],"tags":[13146,34634,35657],"class_list":["post-126105","post","type-post","status-publish","format-standard","has-post-thumbnail","hentry","category-politica","tag-blog-edvaldo-magalhaes","tag-portal-edvaldo-magalhaes","tag-prefeitura-na-porta"],"_links":{"self":[{"href":"https:\/\/blogdoedvaldomagalhaes.com.br\/index.php\/wp-json\/wp\/v2\/posts\/126105","targetHints":{"allow":["GET"]}}],"collection":[{"href":"https:\/\/blogdoedvaldomagalhaes.com.br\/index.php\/wp-json\/wp\/v2\/posts"}],"about":[{"href":"https:\/\/blogdoedvaldomagalhaes.com.br\/index.php\/wp-json\/wp\/v2\/types\/post"}],"author":[{"embeddable":true,"href":"https:\/\/blogdoedvaldomagalhaes.com.br\/index.php\/wp-json\/wp\/v2\/users\/1"}],"replies":[{"embeddable":true,"href":"https:\/\/blogdoedvaldomagalhaes.com.br\/index.php\/wp-json\/wp\/v2\/comments?post=126105"}],"version-history":[{"count":1,"href":"https:\/\/blogdoedvaldomagalhaes.com.br\/index.php\/wp-json\/wp\/v2\/posts\/126105\/revisions"}],"predecessor-version":[{"id":126106,"href":"https:\/\/blogdoedvaldomagalhaes.com.br\/index.php\/wp-json\/wp\/v2\/posts\/126105\/revisions\/126106"}],"wp:featuredmedia":[{"embeddable":true,"href":"https:\/\/blogdoedvaldomagalhaes.com.br\/index.php\/wp-json\/wp\/v2\/media\/126107"}],"wp:attachment":[{"href":"https:\/\/blogdoedvaldomagalhaes.com.br\/index.php\/wp-json\/wp\/v2\/media?parent=126105"}],"wp:term":[{"taxonomy":"category","embeddable":true,"href":"https:\/\/blogdoedvaldomagalhaes.com.br\/index.php\/wp-json\/wp\/v2\/categories?post=126105"},{"taxonomy":"post_tag","embeddable":true,"href":"https:\/\/blogdoedvaldomagalhaes.com.br\/index.php\/wp-json\/wp\/v2\/tags?post=126105"}],"curies":[{"name":"wp","href":"https:\/\/api.w.org\/{rel}","templated":true}]}}