{"id":126102,"date":"2026-01-13T20:02:13","date_gmt":"2026-01-13T23:02:13","guid":{"rendered":"https:\/\/blogdoedvaldomagalhaes.com.br\/?p=126102"},"modified":"2026-01-13T20:02:13","modified_gmt":"2026-01-13T23:02:13","slug":"guarda-municipal-de-caruaru-reforca-combate-ao-crime-e-recupera-mais-uma-motocicleta","status":"publish","type":"post","link":"https:\/\/blogdoedvaldomagalhaes.com.br\/index.php\/2026\/01\/13\/guarda-municipal-de-caruaru-reforca-combate-ao-crime-e-recupera-mais-uma-motocicleta\/","title":{"rendered":"Guarda Municipal de Caruaru refor\u00e7a combate ao crime e recupera mais uma motocicleta"},"content":{"rendered":"<p><span style=\"font-size: revert;\">Na noite da segunda-feira (12), a Guarda Municipal de Caruaru realizou a recupera\u00e7\u00e3o de mais uma motocicleta com restri\u00e7\u00e3o de roubo\/furto, desta vez no bairro Indian\u00f3polis. A a\u00e7\u00e3o integra um conjunto de opera\u00e7\u00f5es bem-sucedidas que resultaram na recupera\u00e7\u00e3o de quatro ve\u00edculos em um \u00fanico dia, refor\u00e7ando a presen\u00e7a e a efici\u00eancia do patrulhamento preventivo no munic\u00edpio.<\/span><\/p>\n<p>A ocorr\u00eancia foi registrada ap\u00f3s a Patrulha Rural receber informa\u00e7\u00f5es sobre a localiza\u00e7\u00e3o de uma motocicleta suspeita. Ao chegar ao endere\u00e7o indicado, a equipe confirmou a situa\u00e7\u00e3o e localizou o ve\u00edculo, que foi imediatamente encaminhado \u00e0 Delegacia de Plant\u00e3o para os procedimentos legais.<\/p>\n<p>Na unidade policial, ap\u00f3s a verifica\u00e7\u00e3o, o bem foi devidamente restitu\u00eddo ao seu leg\u00edtimo propriet\u00e1rio, garantindo n\u00e3o apenas a recupera\u00e7\u00e3o do patrim\u00f4nio, mas tamb\u00e9m a sensa\u00e7\u00e3o de seguran\u00e7a \u00e0 popula\u00e7\u00e3o.<\/p>\n<p>A atua\u00e7\u00e3o demonstra o compromisso permanente da Guarda Municipal com a ordem p\u00fablica, a prote\u00e7\u00e3o dos cidad\u00e3os e o enfrentamento direto aos crimes patrimoniais, consolidando resultados concretos por meio de a\u00e7\u00f5es integradas, intelig\u00eancia e presen\u00e7a constante nas comunidades. Foto: Divulga\u00e7\u00e3o\/PMC.<br \/>\nSiga o Instagram @portaledvaldomagalhaes<\/p>\n","protected":false},"excerpt":{"rendered":"<p>Na noite da segunda-feira (12), a Guarda Municipal de Caruaru realizou a recupera\u00e7\u00e3o de mais uma motocicleta com restri\u00e7\u00e3o de&hellip;<\/p>\n","protected":false},"author":1,"featured_media":126103,"comment_status":"closed","ping_status":"open","sticky":false,"template":"","format":"standard","meta":{"footnotes":""},"categories":[14121],"tags":[13146,35656,34634],"class_list":["post-126102","post","type-post","status-publish","format-standard","has-post-thumbnail","hentry","category-policial","tag-blog-edvaldo-magalhaes","tag-guarda-municipal-de-caruaru-recupera-mais-uma-motocicleta","tag-portal-edvaldo-magalhaes"],"_links":{"self":[{"href":"https:\/\/blogdoedvaldomagalhaes.com.br\/index.php\/wp-json\/wp\/v2\/posts\/126102","targetHints":{"allow":["GET"]}}],"collection":[{"href":"https:\/\/blogdoedvaldomagalhaes.com.br\/index.php\/wp-json\/wp\/v2\/posts"}],"about":[{"href":"https:\/\/blogdoedvaldomagalhaes.com.br\/index.php\/wp-json\/wp\/v2\/types\/post"}],"author":[{"embeddable":true,"href":"https:\/\/blogdoedvaldomagalhaes.com.br\/index.php\/wp-json\/wp\/v2\/users\/1"}],"replies":[{"embeddable":true,"href":"https:\/\/blogdoedvaldomagalhaes.com.br\/index.php\/wp-json\/wp\/v2\/comments?post=126102"}],"version-history":[{"count":1,"href":"https:\/\/blogdoedvaldomagalhaes.com.br\/index.php\/wp-json\/wp\/v2\/posts\/126102\/revisions"}],"predecessor-version":[{"id":126104,"href":"https:\/\/blogdoedvaldomagalhaes.com.br\/index.php\/wp-json\/wp\/v2\/posts\/126102\/revisions\/126104"}],"wp:featuredmedia":[{"embeddable":true,"href":"https:\/\/blogdoedvaldomagalhaes.com.br\/index.php\/wp-json\/wp\/v2\/media\/126103"}],"wp:attachment":[{"href":"https:\/\/blogdoedvaldomagalhaes.com.br\/index.php\/wp-json\/wp\/v2\/media?parent=126102"}],"wp:term":[{"taxonomy":"category","embeddable":true,"href":"https:\/\/blogdoedvaldomagalhaes.com.br\/index.php\/wp-json\/wp\/v2\/categories?post=126102"},{"taxonomy":"post_tag","embeddable":true,"href":"https:\/\/blogdoedvaldomagalhaes.com.br\/index.php\/wp-json\/wp\/v2\/tags?post=126102"}],"curies":[{"name":"wp","href":"https:\/\/api.w.org\/{rel}","templated":true}]}}