{"id":126099,"date":"2026-01-13T19:35:25","date_gmt":"2026-01-13T22:35:25","guid":{"rendered":"https:\/\/blogdoedvaldomagalhaes.com.br\/?p=126099"},"modified":"2026-01-13T19:35:25","modified_gmt":"2026-01-13T22:35:25","slug":"meu-amigao-movimenta-o-marco-zero-com-adocao-de-animais-nesta-quarta-14-e-quinta-15","status":"publish","type":"post","link":"https:\/\/blogdoedvaldomagalhaes.com.br\/index.php\/2026\/01\/13\/meu-amigao-movimenta-o-marco-zero-com-adocao-de-animais-nesta-quarta-14-e-quinta-15\/","title":{"rendered":"\u201cMeu Amig\u00e3o\u201d movimenta o Marco Zero com ado\u00e7\u00e3o de animais nesta quarta (14) e quinta (15)"},"content":{"rendered":"<p><span style=\"font-size: revert;\">A Prefeitura de Caruaru realiza nesta quarta (14) e quinta (15) a primeira edi\u00e7\u00e3o de 2026 do projeto \u201cMeu Amig\u00e3o\u201d, com campanha de ado\u00e7\u00e3o respons\u00e1vel de c\u00e3es e gatos resgatados pela AME Animal. A a\u00e7\u00e3o acontece das 8h \u00e0s 14h, no Marco Zero de Caruaru, e \u00e9 realizada pela AME Animal e coordenada pela Secretaria de Sustentabilidade e Bem-Estar Animal (SSB).<\/span><\/p>\n<p>Para adotar, \u00e9 necess\u00e1rio ter mais de 18 anos, apresentar documento pessoal e comprovante de resid\u00eancia, al\u00e9m de assinar um termo de responsabilidade. Os filhotes e adultos disponibilizados para ado\u00e7\u00e3o passam por avalia\u00e7\u00e3o cl\u00ednica, est\u00e3o vacinados e vermifugados<\/p>\n<p>Os c\u00e3es e gatos adotados tamb\u00e9m t\u00eam a castra\u00e7\u00e3o garantida, assim que atingirem a idade adequada para a realiza\u00e7\u00e3o do procedimento. Quem n\u00e3o puder comparecer ao evento pode adotar diretamente na AME Animal, que funciona de segunda a sexta-feira, das 8h \u00e0s 16h, e est\u00e1 localizada na Avenida R\u00e1dio Cultura do Nordeste, n\u00ba 1.000, bairro Indian\u00f3polis. Foto: Rafael Moreira. \u00a0 \u00a0 \u00a0\u00a0<br \/>Siga o Instagram @portaledvaldomagalhaes<\/p>\n\n\n<p><\/p>\n","protected":false},"excerpt":{"rendered":"<p>A Prefeitura de Caruaru realiza nesta quarta (14) e quinta (15) a primeira edi\u00e7\u00e3o de 2026 do projeto \u201cMeu Amig\u00e3o\u201d,&hellip;<\/p>\n","protected":false},"author":1,"featured_media":126100,"comment_status":"closed","ping_status":"open","sticky":false,"template":"","format":"standard","meta":{"footnotes":""},"categories":[14120],"tags":[35655,13146,34634],"class_list":["post-126099","post","type-post","status-publish","format-standard","has-post-thumbnail","hentry","category-noticias","tag-meu-amigao","tag-blog-edvaldo-magalhaes","tag-portal-edvaldo-magalhaes"],"_links":{"self":[{"href":"https:\/\/blogdoedvaldomagalhaes.com.br\/index.php\/wp-json\/wp\/v2\/posts\/126099","targetHints":{"allow":["GET"]}}],"collection":[{"href":"https:\/\/blogdoedvaldomagalhaes.com.br\/index.php\/wp-json\/wp\/v2\/posts"}],"about":[{"href":"https:\/\/blogdoedvaldomagalhaes.com.br\/index.php\/wp-json\/wp\/v2\/types\/post"}],"author":[{"embeddable":true,"href":"https:\/\/blogdoedvaldomagalhaes.com.br\/index.php\/wp-json\/wp\/v2\/users\/1"}],"replies":[{"embeddable":true,"href":"https:\/\/blogdoedvaldomagalhaes.com.br\/index.php\/wp-json\/wp\/v2\/comments?post=126099"}],"version-history":[{"count":1,"href":"https:\/\/blogdoedvaldomagalhaes.com.br\/index.php\/wp-json\/wp\/v2\/posts\/126099\/revisions"}],"predecessor-version":[{"id":126101,"href":"https:\/\/blogdoedvaldomagalhaes.com.br\/index.php\/wp-json\/wp\/v2\/posts\/126099\/revisions\/126101"}],"wp:featuredmedia":[{"embeddable":true,"href":"https:\/\/blogdoedvaldomagalhaes.com.br\/index.php\/wp-json\/wp\/v2\/media\/126100"}],"wp:attachment":[{"href":"https:\/\/blogdoedvaldomagalhaes.com.br\/index.php\/wp-json\/wp\/v2\/media?parent=126099"}],"wp:term":[{"taxonomy":"category","embeddable":true,"href":"https:\/\/blogdoedvaldomagalhaes.com.br\/index.php\/wp-json\/wp\/v2\/categories?post=126099"},{"taxonomy":"post_tag","embeddable":true,"href":"https:\/\/blogdoedvaldomagalhaes.com.br\/index.php\/wp-json\/wp\/v2\/tags?post=126099"}],"curies":[{"name":"wp","href":"https:\/\/api.w.org\/{rel}","templated":true}]}}