{"id":126096,"date":"2026-01-13T19:24:30","date_gmt":"2026-01-13T22:24:30","guid":{"rendered":"https:\/\/blogdoedvaldomagalhaes.com.br\/?p=126096"},"modified":"2026-01-13T19:24:30","modified_gmt":"2026-01-13T22:24:30","slug":"janeiro-branco-com-acoes-de-cuidado-com-a-saude-mental-em-caruaru","status":"publish","type":"post","link":"https:\/\/blogdoedvaldomagalhaes.com.br\/index.php\/2026\/01\/13\/janeiro-branco-com-acoes-de-cuidado-com-a-saude-mental-em-caruaru\/","title":{"rendered":"Janeiro Branco com a\u00e7\u00f5es de cuidado com a sa\u00fade mental em Caruaru"},"content":{"rendered":"<p><span style=\"font-size: revert;\">A Secretaria de Sa\u00fade de Caruaru est\u00e1 realizando, ao longo do m\u00eas de janeiro, uma s\u00e9rie de a\u00e7\u00f5es em alus\u00e3o ao Janeiro Branco, campanha nacional de conscientiza\u00e7\u00e3o sobre a import\u00e2ncia da sa\u00fade mental. A iniciativa refor\u00e7a a necessidade de falar, escutar e cuidar da mente como parte essencial da qualidade de vida.<\/span><\/p>\n<p>Durante todo o m\u00eas, as Unidades B\u00e1sicas de Sa\u00fade (UBSs), Centros de Aten\u00e7\u00e3o Psicossocial (CAPS), Academias da Sa\u00fade e servi\u00e7os da rede municipal est\u00e3o promovendo atividades como palestras, rodas de conversa, caminhadas, salas de espera educativas, din\u00e2micas de grupo, pr\u00e1ticas de autocuidado e momentos de acolhimento e escuta qualificada.<\/p>\n<p>Os CAPS contam com programa\u00e7\u00e3o semanal de cuidados nos turnos da manh\u00e3 e tarde, com encerramento das a\u00e7\u00f5es previsto para o dia 30 de janeiro, reunindo profissionais e usu\u00e1rios em um momento coletivo de reflex\u00e3o e fortalecimento do cuidado em sa\u00fade mental.<\/p>\n<p>De acordo com o coordenador de Sa\u00fade Mental do munic\u00edpio, Helison Ferreira, o Janeiro Branco \u00e9 um convite \u00e0 reflex\u00e3o e ao compromisso coletivo com o bem-estar emocional. \u201cFalar sobre sa\u00fade mental \u00e9 quebrar tabus e fortalecer o cuidado. Nossas equipes est\u00e3o mobilizadas para acolher, orientar e promover espa\u00e7os de di\u00e1logo com a popula\u00e7\u00e3o\u201d, destacou. \u00a0 \u00a0 \u00a0<br \/>Siga o Instagram @portaledvaldomagalhaes \u00a0 \u00a0<br \/>Foto: Divulga\u00e7\u00e3o\/Secom<\/p>\n\n\n<p><\/p>\n","protected":false},"excerpt":{"rendered":"<p>A Secretaria de Sa\u00fade de Caruaru est\u00e1 realizando, ao longo do m\u00eas de janeiro, uma s\u00e9rie de a\u00e7\u00f5es em alus\u00e3o&hellip;<\/p>\n","protected":false},"author":1,"featured_media":126097,"comment_status":"closed","ping_status":"open","sticky":false,"template":"","format":"standard","meta":{"footnotes":""},"categories":[14120],"tags":[13146,35654,34634],"class_list":["post-126096","post","type-post","status-publish","format-standard","has-post-thumbnail","hentry","category-noticias","tag-blog-edvaldo-magalhaes","tag-janeiro-branco","tag-portal-edvaldo-magalhaes"],"_links":{"self":[{"href":"https:\/\/blogdoedvaldomagalhaes.com.br\/index.php\/wp-json\/wp\/v2\/posts\/126096","targetHints":{"allow":["GET"]}}],"collection":[{"href":"https:\/\/blogdoedvaldomagalhaes.com.br\/index.php\/wp-json\/wp\/v2\/posts"}],"about":[{"href":"https:\/\/blogdoedvaldomagalhaes.com.br\/index.php\/wp-json\/wp\/v2\/types\/post"}],"author":[{"embeddable":true,"href":"https:\/\/blogdoedvaldomagalhaes.com.br\/index.php\/wp-json\/wp\/v2\/users\/1"}],"replies":[{"embeddable":true,"href":"https:\/\/blogdoedvaldomagalhaes.com.br\/index.php\/wp-json\/wp\/v2\/comments?post=126096"}],"version-history":[{"count":1,"href":"https:\/\/blogdoedvaldomagalhaes.com.br\/index.php\/wp-json\/wp\/v2\/posts\/126096\/revisions"}],"predecessor-version":[{"id":126098,"href":"https:\/\/blogdoedvaldomagalhaes.com.br\/index.php\/wp-json\/wp\/v2\/posts\/126096\/revisions\/126098"}],"wp:featuredmedia":[{"embeddable":true,"href":"https:\/\/blogdoedvaldomagalhaes.com.br\/index.php\/wp-json\/wp\/v2\/media\/126097"}],"wp:attachment":[{"href":"https:\/\/blogdoedvaldomagalhaes.com.br\/index.php\/wp-json\/wp\/v2\/media?parent=126096"}],"wp:term":[{"taxonomy":"category","embeddable":true,"href":"https:\/\/blogdoedvaldomagalhaes.com.br\/index.php\/wp-json\/wp\/v2\/categories?post=126096"},{"taxonomy":"post_tag","embeddable":true,"href":"https:\/\/blogdoedvaldomagalhaes.com.br\/index.php\/wp-json\/wp\/v2\/tags?post=126096"}],"curies":[{"name":"wp","href":"https:\/\/api.w.org\/{rel}","templated":true}]}}