{"id":126093,"date":"2026-01-13T19:15:03","date_gmt":"2026-01-13T22:15:03","guid":{"rendered":"https:\/\/blogdoedvaldomagalhaes.com.br\/?p=126093"},"modified":"2026-01-13T19:15:03","modified_gmt":"2026-01-13T22:15:03","slug":"prefeitura-de-caruaru-conclui-entrega-de-cestas-basicas-para-familias-atingidas-pela-estiagem","status":"publish","type":"post","link":"https:\/\/blogdoedvaldomagalhaes.com.br\/index.php\/2026\/01\/13\/prefeitura-de-caruaru-conclui-entrega-de-cestas-basicas-para-familias-atingidas-pela-estiagem\/","title":{"rendered":"Prefeitura de Caruaru conclui entrega de cestas b\u00e1sicas para fam\u00edlias atingidas pela estiagem"},"content":{"rendered":"<p><span style=\"font-size: revert;\">A Prefeitura de Caruaru concluiu, nesta ter\u00e7a-feira (13), a entrega de cestas b\u00e1sicas destinadas a fam\u00edlias afetadas pela estiagem no munic\u00edpio. A iniciativa foi realizada por meio da Secretaria de Seguran\u00e7a Municipal (SSM), com alimentos enviados pelo Minist\u00e9rio do Desenvolvimento e Assist\u00eancia Social, Fam\u00edlia e Combate \u00e0 Fome, ap\u00f3s solicita\u00e7\u00e3o da Defesa Civil de Caruaru, dentro do decreto municipal de desastre reconhecido pelo Governo Federal.<\/span><\/p>\n<p>A a\u00e7\u00e3o beneficiou cerca de 3.500 fam\u00edlias nos quatro distritos do munic\u00edpio, fortalecendo a rede de prote\u00e7\u00e3o social em um per\u00edodo cr\u00edtico para a popula\u00e7\u00e3o rural. Os trabalhos tiveram in\u00edcio no dia 5 de janeiro e foram finalizados dentro do cronograma, garantindo celeridade e organiza\u00e7\u00e3o na distribui\u00e7\u00e3o dos alimentos.<\/p>\n<p>A opera\u00e7\u00e3o contou ainda com a parceria das Secretarias de Desenvolvimento Rural (SDR), de Assist\u00eancia Social (SAS) e de Educa\u00e7\u00e3o (Seduc), atuando de forma integrada para assegurar que os alimentos chegassem \u00e0s comunidades mais impactadas pela estiagem.<\/p>\n<p>Moradora da Vila Peladas, Dona Josefa Dijanira, de 80 anos, destacou a import\u00e2ncia da a\u00e7\u00e3o para as fam\u00edlias da zona rural. \u201cIsso \u00e9 uma b\u00ean\u00e7\u00e3o de Deus. Tenho 13 filhos vivos, dos 23, e muitas vezes divido com eles o alimento. Essa ajuda chega em um momento muito necess\u00e1rio\u201d, relatou.<\/p>\n<p>Para o secret\u00e1rio de Seguran\u00e7a Municipal, Coronel Patr\u00edcio Filho, a opera\u00e7\u00e3o reafirma o papel estrat\u00e9gico da gest\u00e3o municipal no cuidado com quem mais precisa. \u201cEssa a\u00e7\u00e3o demonstra o compromisso da Prefeitura em atuar de forma integrada, garantindo dignidade e apoio \u00e0s fam\u00edlias atingidas pela estiagem. Seguimos trabalhando para que a ajuda chegue com rapidez e efici\u00eancia a todos os distritos\u201d, destacou o secret\u00e1rio.<br \/>\nSiga o Instagram @portaledvaldomagalhaes.<br \/>\nFoto: Elvis \u00c9dson\/Secom<\/p>\n","protected":false},"excerpt":{"rendered":"<p>A Prefeitura de Caruaru concluiu, nesta ter\u00e7a-feira (13), a entrega de cestas b\u00e1sicas destinadas a fam\u00edlias afetadas pela estiagem no&hellip;<\/p>\n","protected":false},"author":1,"featured_media":126094,"comment_status":"closed","ping_status":"open","sticky":false,"template":"","format":"standard","meta":{"footnotes":""},"categories":[14120],"tags":[13146,34634,35653],"class_list":["post-126093","post","type-post","status-publish","format-standard","has-post-thumbnail","hentry","category-noticias","tag-blog-edvaldo-magalhaes","tag-portal-edvaldo-magalhaes","tag-prefeitura-de-caruaru-conclui-entrega-de-cestas-basicas-para-familias-atingidas-pela-estiagem"],"_links":{"self":[{"href":"https:\/\/blogdoedvaldomagalhaes.com.br\/index.php\/wp-json\/wp\/v2\/posts\/126093","targetHints":{"allow":["GET"]}}],"collection":[{"href":"https:\/\/blogdoedvaldomagalhaes.com.br\/index.php\/wp-json\/wp\/v2\/posts"}],"about":[{"href":"https:\/\/blogdoedvaldomagalhaes.com.br\/index.php\/wp-json\/wp\/v2\/types\/post"}],"author":[{"embeddable":true,"href":"https:\/\/blogdoedvaldomagalhaes.com.br\/index.php\/wp-json\/wp\/v2\/users\/1"}],"replies":[{"embeddable":true,"href":"https:\/\/blogdoedvaldomagalhaes.com.br\/index.php\/wp-json\/wp\/v2\/comments?post=126093"}],"version-history":[{"count":1,"href":"https:\/\/blogdoedvaldomagalhaes.com.br\/index.php\/wp-json\/wp\/v2\/posts\/126093\/revisions"}],"predecessor-version":[{"id":126095,"href":"https:\/\/blogdoedvaldomagalhaes.com.br\/index.php\/wp-json\/wp\/v2\/posts\/126093\/revisions\/126095"}],"wp:featuredmedia":[{"embeddable":true,"href":"https:\/\/blogdoedvaldomagalhaes.com.br\/index.php\/wp-json\/wp\/v2\/media\/126094"}],"wp:attachment":[{"href":"https:\/\/blogdoedvaldomagalhaes.com.br\/index.php\/wp-json\/wp\/v2\/media?parent=126093"}],"wp:term":[{"taxonomy":"category","embeddable":true,"href":"https:\/\/blogdoedvaldomagalhaes.com.br\/index.php\/wp-json\/wp\/v2\/categories?post=126093"},{"taxonomy":"post_tag","embeddable":true,"href":"https:\/\/blogdoedvaldomagalhaes.com.br\/index.php\/wp-json\/wp\/v2\/tags?post=126093"}],"curies":[{"name":"wp","href":"https:\/\/api.w.org\/{rel}","templated":true}]}}