{"id":126091,"date":"2026-01-13T15:16:13","date_gmt":"2026-01-13T18:16:13","guid":{"rendered":"https:\/\/blogdoedvaldomagalhaes.com.br\/?p=126091"},"modified":"2026-01-13T15:16:13","modified_gmt":"2026-01-13T18:16:13","slug":"confira-a-programacao-do-pre-carnaval-multicultural-2026","status":"publish","type":"post","link":"https:\/\/blogdoedvaldomagalhaes.com.br\/index.php\/2026\/01\/13\/confira-a-programacao-do-pre-carnaval-multicultural-2026\/","title":{"rendered":"Confira a programa\u00e7\u00e3o do Pr\u00e9-Carnaval Multicultural 2026"},"content":{"rendered":"<p><span style=\"font-size: revert;\">A Funda\u00e7\u00e3o de Cultura, divulgou, nesta ter\u00e7a-feira (13), a programa\u00e7\u00e3o do Pr\u00e9-Carnaval Multicultural 2026. Nesta edi\u00e7\u00e3o, o evento contar\u00e1 com mais de 50 artistas, distribu\u00eddos em cinco polos fixos e um circuito com apresenta\u00e7\u00f5es em trios el\u00e9tricos.<\/span><\/p>\n<p>A abertura oficial da festa ser\u00e1 na sexta-feira, 6 de fevereiro, com shows de Afina Samba, Douglas Leon e Andr\u00e9 Rio convida Benil e Ed Carlos. No s\u00e1bado (7), dia de maior concentra\u00e7\u00e3o da festa, ser\u00e3o realizados cinco polos simult\u00e2neos, al\u00e9m da retomada do Circuito Aldo Teixeira, sucesso da edi\u00e7\u00e3o anterior, que percorrer\u00e1 o centro da cidade com apresenta\u00e7\u00f5es culturais.<\/p>\n<p>\u201cO Carnaval de Pernambuco come\u00e7a em Caruaru. Uma grade de mais de 90% dos artistas caruaruenses e a grande atra\u00e7\u00e3o desse ano, muito pedida nas redes sociais e a gente vai ter essa satisfa\u00e7\u00e3o de trazer pra c\u00e1, no s\u00e1bado (7), Xanddy Harmonia\u201d, comemorou o prefeito Rodrigo Pinheiro.<\/p>\n<p>O gestor tamb\u00e9m anunciou o homenageado da edi\u00e7\u00e3o, o Maestro Zui, acordeonista e importante representante da m\u00fasica caruaruense.<\/p>\n<p>Confira a programa\u00e7\u00e3o completa:<\/p>\n<p>Polo Carlos Fernando (Esta\u00e7\u00e3o Ferrovi\u00e1ria)<\/p>\n<p>Sexta-feira | 06\/02<br \/>Afina Samba<br \/>Douglas Leon<br \/>Andr\u00e9 Rio convida Benil e Ed Carlos<\/p>\n<p>S\u00e1bado | 07\/02<br \/>Azulinho convida Lula Vi\u00e9gas<br \/>Sambar &amp; Love<br \/>Thayse Dias convida Colibri Brasil e Elga Nunes<br \/>Xanddy Harmonia<\/p>\n<p>Cortejo da Inclus\u00e3o<\/p>\n<p>S\u00e1bado | 07\/02<\/p>\n<p>Esta\u00e7\u00e3o Infantil<br \/>Banda de P\u00edfano da Inclus\u00e3o<br \/>Banda Segnos<br \/>As Ful\u00f4<br \/>Kak\u00e1 Kantarelli<br \/>Paulo Long<\/p>\n<p>Polo Mestre Aurino (Itinerante)<\/p>\n<p>S\u00e1bado | 07\/02<br \/>Orquestra Frevo Mais<br \/>Orquestra Maestro Budi\u00e3o<br \/>Orquestra Bilu Teteia<br \/>Orquestra Nova Euterpe<\/p>\n<p>Polo Alternativo<\/p>\n<p>S\u00e1bado | 07\/02<br \/>Humberto Bonny e Derson Luiz<br \/>Erisson Porto<br \/>Boreal<\/p>\n<p>Polo Eletr\u00f4nico<\/p>\n<p>S\u00e1bado | 07\/02<br \/>Bloco S\u00f3 Tem Doido Ano VI<\/p>\n<p>Circuito Aldo Teixeira<\/p>\n<p>S\u00e1bado | 07\/02<br \/>Orquestras, tro\u00e7as de boi e diversos artistas<br \/>Robson Estilozoz<br \/>Junt\u00f4: PV Calado, Klever lemos, Mateus Santos e Rennan Cruz<br \/>Banda Pinguim. \u00a0 \u00a0\u00a0<br \/>Siga o Instagram @portaledvaldomagalhaes. \u00a0<br \/>Foto: Reprodu\u00e7\u00e3o\u00a0<\/p>\n\n\n<p><\/p>\n","protected":false},"excerpt":{"rendered":"<p>A Funda\u00e7\u00e3o de Cultura, divulgou, nesta ter\u00e7a-feira (13), a programa\u00e7\u00e3o do Pr\u00e9-Carnaval Multicultural 2026. Nesta edi\u00e7\u00e3o, o evento contar\u00e1 com&hellip;<\/p>\n","protected":false},"author":1,"featured_media":66582,"comment_status":"closed","ping_status":"open","sticky":false,"template":"","format":"standard","meta":{"footnotes":""},"categories":[14120],"tags":[13146,35652,34634],"class_list":["post-126091","post","type-post","status-publish","format-standard","has-post-thumbnail","hentry","category-noticias","tag-blog-edvaldo-magalhaes","tag-confira-a-programacao-do-pre-carnaval-multicultural-2026","tag-portal-edvaldo-magalhaes"],"_links":{"self":[{"href":"https:\/\/blogdoedvaldomagalhaes.com.br\/index.php\/wp-json\/wp\/v2\/posts\/126091","targetHints":{"allow":["GET"]}}],"collection":[{"href":"https:\/\/blogdoedvaldomagalhaes.com.br\/index.php\/wp-json\/wp\/v2\/posts"}],"about":[{"href":"https:\/\/blogdoedvaldomagalhaes.com.br\/index.php\/wp-json\/wp\/v2\/types\/post"}],"author":[{"embeddable":true,"href":"https:\/\/blogdoedvaldomagalhaes.com.br\/index.php\/wp-json\/wp\/v2\/users\/1"}],"replies":[{"embeddable":true,"href":"https:\/\/blogdoedvaldomagalhaes.com.br\/index.php\/wp-json\/wp\/v2\/comments?post=126091"}],"version-history":[{"count":1,"href":"https:\/\/blogdoedvaldomagalhaes.com.br\/index.php\/wp-json\/wp\/v2\/posts\/126091\/revisions"}],"predecessor-version":[{"id":126092,"href":"https:\/\/blogdoedvaldomagalhaes.com.br\/index.php\/wp-json\/wp\/v2\/posts\/126091\/revisions\/126092"}],"wp:featuredmedia":[{"embeddable":true,"href":"https:\/\/blogdoedvaldomagalhaes.com.br\/index.php\/wp-json\/wp\/v2\/media\/66582"}],"wp:attachment":[{"href":"https:\/\/blogdoedvaldomagalhaes.com.br\/index.php\/wp-json\/wp\/v2\/media?parent=126091"}],"wp:term":[{"taxonomy":"category","embeddable":true,"href":"https:\/\/blogdoedvaldomagalhaes.com.br\/index.php\/wp-json\/wp\/v2\/categories?post=126091"},{"taxonomy":"post_tag","embeddable":true,"href":"https:\/\/blogdoedvaldomagalhaes.com.br\/index.php\/wp-json\/wp\/v2\/tags?post=126091"}],"curies":[{"name":"wp","href":"https:\/\/api.w.org\/{rel}","templated":true}]}}