{"id":126088,"date":"2026-01-13T15:02:02","date_gmt":"2026-01-13T18:02:02","guid":{"rendered":"https:\/\/blogdoedvaldomagalhaes.com.br\/?p=126088"},"modified":"2026-01-13T22:05:30","modified_gmt":"2026-01-14T01:05:30","slug":"governo-anuncia-reajustes-das-aposentadorias-do-inss-em-2026","status":"publish","type":"post","link":"https:\/\/blogdoedvaldomagalhaes.com.br\/index.php\/2026\/01\/13\/governo-anuncia-reajustes-das-aposentadorias-do-inss-em-2026\/","title":{"rendered":"Governo anuncia reajustes das aposentadorias do INSS em 2026"},"content":{"rendered":"<p>O governo federal divulgou, no Di\u00e1rio Oficial da Uni\u00e3o, a tabela oficial de reajuste dos benef\u00edcios pagos pelo Instituto Nacional do Seguro Social (INSS). Aposentadorias, pens\u00f5es e aux\u00edlios s\u00e3o reajustados em 3,90%. A corre\u00e7\u00e3o foi calculada com base no \u00cdndice Nacional de Pre\u00e7os ao Consumidor (INPC) de 2025.<\/p>\n<p>O reajuste cheio, no entanto, n\u00e3o ser\u00e1 aplicado a todos os benefici\u00e1rios. A corre\u00e7\u00e3o vai variar m\u00eas a m\u00eas para quem come\u00e7ou a receber aposentadoria ou pens\u00e3o a partir de fevereiro do ano passado. Quem se aposentou em dezembro do ano passado, por exemplo, ter\u00e1 0,21% de reajuste. \u00a0 \u00a0<br \/>Siga o Instagram @portaledvaldomagalhaes \u00a0<br \/>Foto: Divulga\u00e7\u00e3o\u00a0<\/p>\n\n\n<p><\/p>\n","protected":false},"excerpt":{"rendered":"<p>O governo federal divulgou, no Di\u00e1rio Oficial da Uni\u00e3o, a tabela oficial de reajuste dos benef\u00edcios pagos pelo Instituto Nacional&hellip;<\/p>\n","protected":false},"author":1,"featured_media":126089,"comment_status":"closed","ping_status":"open","sticky":false,"template":"","format":"standard","meta":{"footnotes":""},"categories":[14122],"tags":[13146,35651,34634],"class_list":["post-126088","post","type-post","status-publish","format-standard","has-post-thumbnail","hentry","category-politica","tag-blog-edvaldo-magalhaes","tag-governo-anuncia-reajustes-das-aposentadorias-do-inss-em-2026-blog-edvaldo-magalhaes","tag-portal-edvaldo-magalhaes"],"_links":{"self":[{"href":"https:\/\/blogdoedvaldomagalhaes.com.br\/index.php\/wp-json\/wp\/v2\/posts\/126088","targetHints":{"allow":["GET"]}}],"collection":[{"href":"https:\/\/blogdoedvaldomagalhaes.com.br\/index.php\/wp-json\/wp\/v2\/posts"}],"about":[{"href":"https:\/\/blogdoedvaldomagalhaes.com.br\/index.php\/wp-json\/wp\/v2\/types\/post"}],"author":[{"embeddable":true,"href":"https:\/\/blogdoedvaldomagalhaes.com.br\/index.php\/wp-json\/wp\/v2\/users\/1"}],"replies":[{"embeddable":true,"href":"https:\/\/blogdoedvaldomagalhaes.com.br\/index.php\/wp-json\/wp\/v2\/comments?post=126088"}],"version-history":[{"count":1,"href":"https:\/\/blogdoedvaldomagalhaes.com.br\/index.php\/wp-json\/wp\/v2\/posts\/126088\/revisions"}],"predecessor-version":[{"id":126090,"href":"https:\/\/blogdoedvaldomagalhaes.com.br\/index.php\/wp-json\/wp\/v2\/posts\/126088\/revisions\/126090"}],"wp:featuredmedia":[{"embeddable":true,"href":"https:\/\/blogdoedvaldomagalhaes.com.br\/index.php\/wp-json\/wp\/v2\/media\/126089"}],"wp:attachment":[{"href":"https:\/\/blogdoedvaldomagalhaes.com.br\/index.php\/wp-json\/wp\/v2\/media?parent=126088"}],"wp:term":[{"taxonomy":"category","embeddable":true,"href":"https:\/\/blogdoedvaldomagalhaes.com.br\/index.php\/wp-json\/wp\/v2\/categories?post=126088"},{"taxonomy":"post_tag","embeddable":true,"href":"https:\/\/blogdoedvaldomagalhaes.com.br\/index.php\/wp-json\/wp\/v2\/tags?post=126088"}],"curies":[{"name":"wp","href":"https:\/\/api.w.org\/{rel}","templated":true}]}}