{"id":126086,"date":"2026-01-13T09:07:04","date_gmt":"2026-01-13T12:07:04","guid":{"rendered":"https:\/\/blogdoedvaldomagalhaes.com.br\/?p=126086"},"modified":"2026-01-13T09:07:04","modified_gmt":"2026-01-13T12:07:04","slug":"policia-militar-apreende-mais-de-130-quilos-de-maconha-em-caruaru","status":"publish","type":"post","link":"https:\/\/blogdoedvaldomagalhaes.com.br\/index.php\/2026\/01\/13\/policia-militar-apreende-mais-de-130-quilos-de-maconha-em-caruaru\/","title":{"rendered":"Pol\u00edcia Militar apreende mais de 130 quilos de maconha em Caruaru"},"content":{"rendered":"<p>Policiais militares do 4\u00ba BPM realizaram, nesta segunda-feira (12), uma grande apreens\u00e3o de droga em Caruaru. Um homem foi preso com 132 quilos de maconha, no bairro Jardim Boa Vista.<br \/>\nO suspeito foi identificado como Diego Ant\u00f4nio da Silva, de 31 anos, que estava em um ve\u00edculo com a esposa, um filho e um cachorro. Foto: Divulga\u00e7\u00e3o\/PMPE.<br \/>\nSiga o Instagram @portaledvaldomagalhaes<\/p>\n","protected":false},"excerpt":{"rendered":"<p>Policiais militares do 4\u00ba BPM realizaram, nesta segunda-feira (12), uma grande apreens\u00e3o de droga em Caruaru. Um homem foi preso&hellip;<\/p>\n","protected":false},"author":1,"featured_media":126084,"comment_status":"closed","ping_status":"open","sticky":false,"template":"","format":"standard","meta":{"footnotes":""},"categories":[14121],"tags":[13146,35650,34634],"class_list":["post-126086","post","type-post","status-publish","format-standard","has-post-thumbnail","hentry","category-policial","tag-blog-edvaldo-magalhaes","tag-policia-militar-apreende-mais-de-130-quilos-de-maconha-em-caruaru","tag-portal-edvaldo-magalhaes"],"_links":{"self":[{"href":"https:\/\/blogdoedvaldomagalhaes.com.br\/index.php\/wp-json\/wp\/v2\/posts\/126086","targetHints":{"allow":["GET"]}}],"collection":[{"href":"https:\/\/blogdoedvaldomagalhaes.com.br\/index.php\/wp-json\/wp\/v2\/posts"}],"about":[{"href":"https:\/\/blogdoedvaldomagalhaes.com.br\/index.php\/wp-json\/wp\/v2\/types\/post"}],"author":[{"embeddable":true,"href":"https:\/\/blogdoedvaldomagalhaes.com.br\/index.php\/wp-json\/wp\/v2\/users\/1"}],"replies":[{"embeddable":true,"href":"https:\/\/blogdoedvaldomagalhaes.com.br\/index.php\/wp-json\/wp\/v2\/comments?post=126086"}],"version-history":[{"count":1,"href":"https:\/\/blogdoedvaldomagalhaes.com.br\/index.php\/wp-json\/wp\/v2\/posts\/126086\/revisions"}],"predecessor-version":[{"id":126087,"href":"https:\/\/blogdoedvaldomagalhaes.com.br\/index.php\/wp-json\/wp\/v2\/posts\/126086\/revisions\/126087"}],"wp:featuredmedia":[{"embeddable":true,"href":"https:\/\/blogdoedvaldomagalhaes.com.br\/index.php\/wp-json\/wp\/v2\/media\/126084"}],"wp:attachment":[{"href":"https:\/\/blogdoedvaldomagalhaes.com.br\/index.php\/wp-json\/wp\/v2\/media?parent=126086"}],"wp:term":[{"taxonomy":"category","embeddable":true,"href":"https:\/\/blogdoedvaldomagalhaes.com.br\/index.php\/wp-json\/wp\/v2\/categories?post=126086"},{"taxonomy":"post_tag","embeddable":true,"href":"https:\/\/blogdoedvaldomagalhaes.com.br\/index.php\/wp-json\/wp\/v2\/tags?post=126086"}],"curies":[{"name":"wp","href":"https:\/\/api.w.org\/{rel}","templated":true}]}}