{"id":126080,"date":"2026-01-12T20:09:05","date_gmt":"2026-01-12T23:09:05","guid":{"rendered":"https:\/\/blogdoedvaldomagalhaes.com.br\/?p=126080"},"modified":"2026-01-12T20:18:08","modified_gmt":"2026-01-12T23:18:08","slug":"sistema-prisional-de-pernambuco-tem-57-mil-novas-vagas-em-construcao","status":"publish","type":"post","link":"https:\/\/blogdoedvaldomagalhaes.com.br\/index.php\/2026\/01\/12\/sistema-prisional-de-pernambuco-tem-57-mil-novas-vagas-em-construcao\/","title":{"rendered":"Sistema prisional de Pernambuco tem 5,7 mil novas vagas em constru\u00e7\u00e3o"},"content":{"rendered":"<p><span style=\"font-size: revert;\">O Governo do Estado avan\u00e7a no refor\u00e7o da infraestrutura do sistema prisional pernambucano com 5.754 novas vagas em constru\u00e7\u00e3o. Desse total, 2.754 est\u00e3o sendo implantadas no Complexo de Ara\u00e7oiaba e 3 mil nas unidades 3, 4 e 5 do Pres\u00eddio de Itaquitinga. As obras nos pres\u00eddios desses dois munic\u00edpios t\u00eam previs\u00e3o de conclus\u00e3o para ocorrer at\u00e9 agosto deste ano. Em Caruaru, a Penitenci\u00e1ria Juiz Pl\u00e1cido de Souza tamb\u00e9m ser\u00e1 ampliada para ofertar 155 novas vagas. Entre os anos de 2015 e 2022, foram abertas apenas 1.858 vagas.<\/span><\/p>\n<p>&#8220;O investimento em uma melhor estrutura f\u00edsica das unidades prisionais em Pernambuco \u00e9 necess\u00e1rio, pois s\u00f3 conseguimos alcan\u00e7ar a ressocializa\u00e7\u00e3o t\u00e3o almejada pela sociedade se tivermos condi\u00e7\u00f5es adequadas, com mais vagas e espa\u00e7os dignos, com respeito aos preceitos da justi\u00e7a e dos direitos humanos. Estamos lidando com esse tema com coragem e com a\u00e7\u00f5es in\u00e9ditas. Em 2025, por exemplo, desativamos a Penitenci\u00e1ria Professor Barreto Campelo, em Itamarac\u00e1, atendendo a uma demanda hist\u00f3rica da popula\u00e7\u00e3o do Litoral Norte, al\u00e9m de um dos pres\u00eddios que integravam o Complexo Prisional do Curado. Fechamos pres\u00eddios, mas estamos investindo na constru\u00e7\u00e3o de novas vagas. Todas essas a\u00e7\u00f5es fazem parte do Juntos pela Seguran\u00e7a&#8221;, afirmou a governadora Raquel Lyra.<\/p>\n<p>A Penitenci\u00e1ria Professor Barreto Campelo come\u00e7ou a ser demolida ap\u00f3s 50 anos de funcionamento. A iniciativa foi tomada pelo Governo do Estado devido \u00e0s suas m\u00e1s condi\u00e7\u00f5es estruturais, com pavilh\u00f5es deteriorados, falhas nos sistemas hidr\u00e1ulico e de esgoto, e comprometimento de \u00e1reas administrativas e de seguran\u00e7a. Ainda este ano, o Governo do Estado anunciar\u00e1 o projeto de turismo que est\u00e1 sendo elaborado para o espa\u00e7o. J\u00e1 a desativa\u00e7\u00e3o do Pres\u00eddio Asp. Marcelo Francisco de Ara\u00fajo (Pamfa), no Complexo Prisional do Curado, no Recife, ocorreu devido \u00e0s condi\u00e7\u00f5es prec\u00e1rias do pr\u00e9dio.<\/p>\n<p>Em 2025, por meio da Secretaria de Administra\u00e7\u00e3o Penitenci\u00e1ria e Ressocializa\u00e7\u00e3o (Seap), o Governo do Estado desativou 12 cadeias p\u00fablicas que tinham condi\u00e7\u00f5es prec\u00e1rias e transferiu os presos para outras unidades. A iniciativa resultou na redu\u00e7\u00e3o do custo operacional e permitiu um melhor redirecionamento do efetivo da Pol\u00edcia Penal.<\/p>\n<p>\u201cA cria\u00e7\u00e3o de novas vagas e as melhorias estruturais realizadas em unidades prisionais j\u00e1 existentes, juntamente com os investimentos em efetivo, educa\u00e7\u00e3o, trabalho e qualifica\u00e7\u00e3o profissional possibilitam a ressocializa\u00e7\u00e3o da pessoa custodiada, e \u00e9 isso que o Governo de Pernambuco vem fazendo: investindo nos pilares da reinser\u00e7\u00e3o social\u201d, afirmou o secret\u00e1rio de Administra\u00e7\u00e3o Penitenci\u00e1ria de Pernambuco, Paulo Paes.<\/p>\n<p>*Qualifica\u00e7\u00e3o* &#8211; As a\u00e7\u00f5es do Juntos pela Seguran\u00e7a para o sistema prisional envolvem, ainda, a nomea\u00e7\u00e3o de policiais penais &#8211; em dezembro do ano passado, mais 300 policiais foram nomeados, e a\u00e7\u00f5es de qualifica\u00e7\u00e3o das Pessoas Privadas de Liberdade (PPLs), com a instala\u00e7\u00e3o das primeiras f\u00e1bricas do sistema penitenci\u00e1rio de Pernambuco. Al\u00e9m do mais, em setembro de 2025, a Seap inaugurou a 23\u00aa unidade escolar do sistema penitenci\u00e1rio de Pernambuco. Foto: Hes\u00edodo G\u00f3es\/Secom.<br \/>\nSiga o instagram @portaledvaldomagalhaes<\/p>\n","protected":false},"excerpt":{"rendered":"<p>O Governo do Estado avan\u00e7a no refor\u00e7o da infraestrutura do sistema prisional pernambucano com 5.754 novas vagas em constru\u00e7\u00e3o. Desse&hellip;<\/p>\n","protected":false},"author":1,"featured_media":126081,"comment_status":"closed","ping_status":"open","sticky":false,"template":"","format":"standard","meta":{"footnotes":""},"categories":[14122],"tags":[35649,13146,34634,35648],"class_list":["post-126080","post","type-post","status-publish","format-standard","has-post-thumbnail","hentry","category-politica","tag-7-mil-novas-vagas-em-construcao","tag-blog-edvaldo-magalhaes","tag-portal-edvaldo-magalhaes","tag-sistema-prisional-de-pernambuco-tem-5"],"_links":{"self":[{"href":"https:\/\/blogdoedvaldomagalhaes.com.br\/index.php\/wp-json\/wp\/v2\/posts\/126080","targetHints":{"allow":["GET"]}}],"collection":[{"href":"https:\/\/blogdoedvaldomagalhaes.com.br\/index.php\/wp-json\/wp\/v2\/posts"}],"about":[{"href":"https:\/\/blogdoedvaldomagalhaes.com.br\/index.php\/wp-json\/wp\/v2\/types\/post"}],"author":[{"embeddable":true,"href":"https:\/\/blogdoedvaldomagalhaes.com.br\/index.php\/wp-json\/wp\/v2\/users\/1"}],"replies":[{"embeddable":true,"href":"https:\/\/blogdoedvaldomagalhaes.com.br\/index.php\/wp-json\/wp\/v2\/comments?post=126080"}],"version-history":[{"count":1,"href":"https:\/\/blogdoedvaldomagalhaes.com.br\/index.php\/wp-json\/wp\/v2\/posts\/126080\/revisions"}],"predecessor-version":[{"id":126082,"href":"https:\/\/blogdoedvaldomagalhaes.com.br\/index.php\/wp-json\/wp\/v2\/posts\/126080\/revisions\/126082"}],"wp:featuredmedia":[{"embeddable":true,"href":"https:\/\/blogdoedvaldomagalhaes.com.br\/index.php\/wp-json\/wp\/v2\/media\/126081"}],"wp:attachment":[{"href":"https:\/\/blogdoedvaldomagalhaes.com.br\/index.php\/wp-json\/wp\/v2\/media?parent=126080"}],"wp:term":[{"taxonomy":"category","embeddable":true,"href":"https:\/\/blogdoedvaldomagalhaes.com.br\/index.php\/wp-json\/wp\/v2\/categories?post=126080"},{"taxonomy":"post_tag","embeddable":true,"href":"https:\/\/blogdoedvaldomagalhaes.com.br\/index.php\/wp-json\/wp\/v2\/tags?post=126080"}],"curies":[{"name":"wp","href":"https:\/\/api.w.org\/{rel}","templated":true}]}}