{"id":126078,"date":"2026-01-12T18:04:53","date_gmt":"2026-01-12T21:04:53","guid":{"rendered":"https:\/\/blogdoedvaldomagalhaes.com.br\/?p=126078"},"modified":"2026-01-12T18:04:53","modified_gmt":"2026-01-12T21:04:53","slug":"secretaria-de-educacao-de-caruaru-abre-calendario-de-matriculas-2026-para-alunos-novatos","status":"publish","type":"post","link":"https:\/\/blogdoedvaldomagalhaes.com.br\/index.php\/2026\/01\/12\/secretaria-de-educacao-de-caruaru-abre-calendario-de-matriculas-2026-para-alunos-novatos\/","title":{"rendered":"Secretaria de Educa\u00e7\u00e3o de Caruaru abre calend\u00e1rio de matr\u00edculas 2026 para alunos novatos"},"content":{"rendered":"<p><span style=\"font-size: revert;\">A Secretaria de Educa\u00e7\u00e3o e Esportes de Caruaru segue com o calend\u00e1rio aberto de 2026 para as matr\u00edculas da Rede Municipal de Ensino.<\/span><\/p>\n<p>Na etapa vigente, est\u00e3o abertas as solicita\u00e7\u00f5es de matr\u00edculas para os novatos, ou seja, os alunos que desejam ingressar na Rede Municipal. O prazo de pr\u00e9-matr\u00edcula tem in\u00edcio nesta segunda, 12 de janeiro e segue at\u00e9 dia 18 deste m\u00eas.<\/p>\n<p>A divulga\u00e7\u00e3o dos resultados finais de pr\u00e9-matr\u00edcula estar\u00e1 dispon\u00edvel em 22 de janeiro e o prazo para efetiva\u00e7\u00e3o das matr\u00edculas ser\u00e1 de 23 a 30 de janeiro.<\/p>\n<p>Confira o calend\u00e1rio completo:<\/p>\n<p>Pr\u00e9-matr\u00edcula (cadastro on-line para estudantes novatos) \u2013 de 12\/01\/2026 a 18\/01\/2026<\/p>\n<p>Divulga\u00e7\u00e3o de resultados das pr\u00e9-matr\u00edcula \u2013 22\/01\/2026<\/p>\n<p>Efetiva\u00e7\u00e3o de matr\u00edculas de novatos &#8211; 23\/01\/2026 a 30\/01\/2026. \u00a0 \u00a0\u00a0<br \/>Siga o Instagram @portaledvaldomagalhaes<br \/>Foto: Reprodu\u00e7\u00e3o\u00a0<\/p>\n\n\n<p><\/p>\n","protected":false},"excerpt":{"rendered":"<p>A Secretaria de Educa\u00e7\u00e3o e Esportes de Caruaru segue com o calend\u00e1rio aberto de 2026 para as matr\u00edculas da Rede&hellip;<\/p>\n","protected":false},"author":1,"featured_media":64828,"comment_status":"closed","ping_status":"open","sticky":false,"template":"","format":"standard","meta":{"footnotes":""},"categories":[14120],"tags":[13146,34634,35647],"class_list":["post-126078","post","type-post","status-publish","format-standard","has-post-thumbnail","hentry","category-noticias","tag-blog-edvaldo-magalhaes","tag-portal-edvaldo-magalhaes","tag-secretaria-de-educacao-de-caruaru-abre-calendario-de-matriculas-2026-para-alunos-novatos"],"_links":{"self":[{"href":"https:\/\/blogdoedvaldomagalhaes.com.br\/index.php\/wp-json\/wp\/v2\/posts\/126078","targetHints":{"allow":["GET"]}}],"collection":[{"href":"https:\/\/blogdoedvaldomagalhaes.com.br\/index.php\/wp-json\/wp\/v2\/posts"}],"about":[{"href":"https:\/\/blogdoedvaldomagalhaes.com.br\/index.php\/wp-json\/wp\/v2\/types\/post"}],"author":[{"embeddable":true,"href":"https:\/\/blogdoedvaldomagalhaes.com.br\/index.php\/wp-json\/wp\/v2\/users\/1"}],"replies":[{"embeddable":true,"href":"https:\/\/blogdoedvaldomagalhaes.com.br\/index.php\/wp-json\/wp\/v2\/comments?post=126078"}],"version-history":[{"count":1,"href":"https:\/\/blogdoedvaldomagalhaes.com.br\/index.php\/wp-json\/wp\/v2\/posts\/126078\/revisions"}],"predecessor-version":[{"id":126079,"href":"https:\/\/blogdoedvaldomagalhaes.com.br\/index.php\/wp-json\/wp\/v2\/posts\/126078\/revisions\/126079"}],"wp:featuredmedia":[{"embeddable":true,"href":"https:\/\/blogdoedvaldomagalhaes.com.br\/index.php\/wp-json\/wp\/v2\/media\/64828"}],"wp:attachment":[{"href":"https:\/\/blogdoedvaldomagalhaes.com.br\/index.php\/wp-json\/wp\/v2\/media?parent=126078"}],"wp:term":[{"taxonomy":"category","embeddable":true,"href":"https:\/\/blogdoedvaldomagalhaes.com.br\/index.php\/wp-json\/wp\/v2\/categories?post=126078"},{"taxonomy":"post_tag","embeddable":true,"href":"https:\/\/blogdoedvaldomagalhaes.com.br\/index.php\/wp-json\/wp\/v2\/tags?post=126078"}],"curies":[{"name":"wp","href":"https:\/\/api.w.org\/{rel}","templated":true}]}}