{"id":126075,"date":"2026-01-12T17:53:31","date_gmt":"2026-01-12T20:53:31","guid":{"rendered":"https:\/\/blogdoedvaldomagalhaes.com.br\/?p=126075"},"modified":"2026-01-12T17:53:31","modified_gmt":"2026-01-12T20:53:31","slug":"guarda-municipal-de-caruaru-recupera-tres-motocicletas-e-amplia-combate-aos-crimes-patrimoniais","status":"publish","type":"post","link":"https:\/\/blogdoedvaldomagalhaes.com.br\/index.php\/2026\/01\/12\/guarda-municipal-de-caruaru-recupera-tres-motocicletas-e-amplia-combate-aos-crimes-patrimoniais\/","title":{"rendered":"Guarda Municipal de Caruaru recupera tr\u00eas motocicletas e amplia combate aos crimes patrimoniais"},"content":{"rendered":"<p><span style=\"font-size: revert;\">A Guarda Municipal de Caruaru realizou, nesta segunda-feira (12), tr\u00eas ocorr\u00eancias distintas que resultaram na recupera\u00e7\u00e3o de motocicletas em situa\u00e7\u00e3o irregular em diferentes pontos de Caruaru, refor\u00e7ando a pol\u00edtica municipal de preven\u00e7\u00e3o e enfrentamento aos crimes patrimoniais.<\/span><\/p>\n<p>Durante a manh\u00e3, uma motocicleta com restri\u00e7\u00e3o de furto\/roubo foi localizada abandonada em \u00e1rea urbana, apresentando sinais de depreda\u00e7\u00e3o e registro de roubo ocorrido no dia anterior. J\u00e1 no bairro do Xique-Xique, no in\u00edcio da tarde, outra motocicleta foi encontrada sem placa e com chassi e motor adulterados, evidenciando pr\u00e1tica criminosa ligada \u00e0 recepta\u00e7\u00e3o e clonagem de ve\u00edculos.<\/p>\n<p>Ainda no mesmo bairro, por volta das 14h, uma terceira motocicleta com restri\u00e7\u00e3o de roubo\/furto foi recuperada ap\u00f3s informa\u00e7\u00f5es repassadas \u00e0s equipes, sendo localizada juntamente com o propriet\u00e1rio.<\/p>\n<p>Em todas as ocorr\u00eancias, os ve\u00edculos foram encaminhados \u00e0 Delegacia de Plant\u00e3o para os procedimentos legais. As a\u00e7\u00f5es demonstram a atua\u00e7\u00e3o permanente da Guarda Municipal, alinhada \u00e0s diretrizes da gest\u00e3o p\u00fablica, com foco na presen\u00e7a territorial, resposta r\u00e1pida e fortalecimento da seguran\u00e7a da popula\u00e7\u00e3o. Foto: Divulga\u00e7\u00e3o.<br \/>\nSiga o Instagram @portaledvaldomagalhaes<\/p>\n","protected":false},"excerpt":{"rendered":"<p>A Guarda Municipal de Caruaru realizou, nesta segunda-feira (12), tr\u00eas ocorr\u00eancias distintas que resultaram na recupera\u00e7\u00e3o de motocicletas em situa\u00e7\u00e3o&hellip;<\/p>\n","protected":false},"author":1,"featured_media":126076,"comment_status":"closed","ping_status":"open","sticky":false,"template":"","format":"standard","meta":{"footnotes":""},"categories":[14121],"tags":[13146,35646,34634],"class_list":["post-126075","post","type-post","status-publish","format-standard","has-post-thumbnail","hentry","category-policial","tag-blog-edvaldo-magalhaes","tag-guarda-municipal-de-caruaru-recupera-tres-motocicletas-e-amplia-combate-aos-crimes-patrimoniais","tag-portal-edvaldo-magalhaes"],"_links":{"self":[{"href":"https:\/\/blogdoedvaldomagalhaes.com.br\/index.php\/wp-json\/wp\/v2\/posts\/126075","targetHints":{"allow":["GET"]}}],"collection":[{"href":"https:\/\/blogdoedvaldomagalhaes.com.br\/index.php\/wp-json\/wp\/v2\/posts"}],"about":[{"href":"https:\/\/blogdoedvaldomagalhaes.com.br\/index.php\/wp-json\/wp\/v2\/types\/post"}],"author":[{"embeddable":true,"href":"https:\/\/blogdoedvaldomagalhaes.com.br\/index.php\/wp-json\/wp\/v2\/users\/1"}],"replies":[{"embeddable":true,"href":"https:\/\/blogdoedvaldomagalhaes.com.br\/index.php\/wp-json\/wp\/v2\/comments?post=126075"}],"version-history":[{"count":1,"href":"https:\/\/blogdoedvaldomagalhaes.com.br\/index.php\/wp-json\/wp\/v2\/posts\/126075\/revisions"}],"predecessor-version":[{"id":126077,"href":"https:\/\/blogdoedvaldomagalhaes.com.br\/index.php\/wp-json\/wp\/v2\/posts\/126075\/revisions\/126077"}],"wp:featuredmedia":[{"embeddable":true,"href":"https:\/\/blogdoedvaldomagalhaes.com.br\/index.php\/wp-json\/wp\/v2\/media\/126076"}],"wp:attachment":[{"href":"https:\/\/blogdoedvaldomagalhaes.com.br\/index.php\/wp-json\/wp\/v2\/media?parent=126075"}],"wp:term":[{"taxonomy":"category","embeddable":true,"href":"https:\/\/blogdoedvaldomagalhaes.com.br\/index.php\/wp-json\/wp\/v2\/categories?post=126075"},{"taxonomy":"post_tag","embeddable":true,"href":"https:\/\/blogdoedvaldomagalhaes.com.br\/index.php\/wp-json\/wp\/v2\/tags?post=126075"}],"curies":[{"name":"wp","href":"https:\/\/api.w.org\/{rel}","templated":true}]}}