{"id":126072,"date":"2026-01-12T17:44:43","date_gmt":"2026-01-12T20:44:43","guid":{"rendered":"https:\/\/blogdoedvaldomagalhaes.com.br\/?p=126072"},"modified":"2026-01-12T17:44:43","modified_gmt":"2026-01-12T20:44:43","slug":"mais-duas-avenidas-passarao-a-ter-sentido-unico-no-bairro-indianopolis","status":"publish","type":"post","link":"https:\/\/blogdoedvaldomagalhaes.com.br\/index.php\/2026\/01\/12\/mais-duas-avenidas-passarao-a-ter-sentido-unico-no-bairro-indianopolis\/","title":{"rendered":"Mais duas avenidas passar\u00e3o a ter sentido \u00fanico no bairro Indian\u00f3polis"},"content":{"rendered":"<p><span style=\"font-size: revert;\">A Autarquia de Mobilidade de Caruaru (AMC) informa que a partir desta quarta-feira (14) mais duas avenidas passar\u00e3o a ter sentido \u00fanico no Bairro Indian\u00f3polis. A Avenida Engenheiro Marcelo Monteiro vai ficar com sentido \u00fanico de circula\u00e7\u00e3o de ve\u00edculos em dire\u00e7\u00e3o \u00e0 Avenida Adjar da Silva Cas\u00e9, e a Avenida Jos\u00e9 Xavier Santiago passar\u00e1 a operar em sentido \u00fanico, em dire\u00e7\u00e3o \u00e0 Rua Manoel Nunes Filho.<\/span><\/p>\n<p>A interven\u00e7\u00e3o faz parte dos 30 dias de implanta\u00e7\u00e3o do novo Bin\u00e1rio do Indian\u00f3polis e d\u00e1 continuidade \u00e0s melhorias de mobilidade na \u00e1rea, com o objetivo de facilitar o acesso \u00e0s localidades adjacentes, condom\u00ednios, centros comerciais, shopping e principais avenidas da regi\u00e3o.<\/p>\n<p>As altera\u00e7\u00f5es seguem crit\u00e9rios t\u00e9cnicos de engenharia de tr\u00e1fego e integram um conjunto de a\u00e7\u00f5es voltadas \u00e0 otimiza\u00e7\u00e3o do tr\u00e2nsito e \u00e0 promo\u00e7\u00e3o de uma mobilidade urbana mais eficiente e segura para todos os usu\u00e1rios das vias.<\/p>\n<p>Mapa: Divulga\u00e7\u00e3o\/ AMC<\/p>\n","protected":false},"excerpt":{"rendered":"<p>A Autarquia de Mobilidade de Caruaru (AMC) informa que a partir desta quarta-feira (14) mais duas avenidas passar\u00e3o a ter&hellip;<\/p>\n","protected":false},"author":1,"featured_media":126073,"comment_status":"closed","ping_status":"open","sticky":false,"template":"","format":"standard","meta":{"footnotes":""},"categories":[14120],"tags":[13146,35645,34634],"class_list":["post-126072","post","type-post","status-publish","format-standard","has-post-thumbnail","hentry","category-noticias","tag-blog-edvaldo-magalhaes","tag-mais-duas-avenidas-passarao-a-ter-sentido-unico-no-bairro-indianopolis","tag-portal-edvaldo-magalhaes"],"_links":{"self":[{"href":"https:\/\/blogdoedvaldomagalhaes.com.br\/index.php\/wp-json\/wp\/v2\/posts\/126072","targetHints":{"allow":["GET"]}}],"collection":[{"href":"https:\/\/blogdoedvaldomagalhaes.com.br\/index.php\/wp-json\/wp\/v2\/posts"}],"about":[{"href":"https:\/\/blogdoedvaldomagalhaes.com.br\/index.php\/wp-json\/wp\/v2\/types\/post"}],"author":[{"embeddable":true,"href":"https:\/\/blogdoedvaldomagalhaes.com.br\/index.php\/wp-json\/wp\/v2\/users\/1"}],"replies":[{"embeddable":true,"href":"https:\/\/blogdoedvaldomagalhaes.com.br\/index.php\/wp-json\/wp\/v2\/comments?post=126072"}],"version-history":[{"count":1,"href":"https:\/\/blogdoedvaldomagalhaes.com.br\/index.php\/wp-json\/wp\/v2\/posts\/126072\/revisions"}],"predecessor-version":[{"id":126074,"href":"https:\/\/blogdoedvaldomagalhaes.com.br\/index.php\/wp-json\/wp\/v2\/posts\/126072\/revisions\/126074"}],"wp:featuredmedia":[{"embeddable":true,"href":"https:\/\/blogdoedvaldomagalhaes.com.br\/index.php\/wp-json\/wp\/v2\/media\/126073"}],"wp:attachment":[{"href":"https:\/\/blogdoedvaldomagalhaes.com.br\/index.php\/wp-json\/wp\/v2\/media?parent=126072"}],"wp:term":[{"taxonomy":"category","embeddable":true,"href":"https:\/\/blogdoedvaldomagalhaes.com.br\/index.php\/wp-json\/wp\/v2\/categories?post=126072"},{"taxonomy":"post_tag","embeddable":true,"href":"https:\/\/blogdoedvaldomagalhaes.com.br\/index.php\/wp-json\/wp\/v2\/tags?post=126072"}],"curies":[{"name":"wp","href":"https:\/\/api.w.org\/{rel}","templated":true}]}}