{"id":126067,"date":"2026-01-12T15:29:59","date_gmt":"2026-01-12T18:29:59","guid":{"rendered":"https:\/\/blogdoedvaldomagalhaes.com.br\/?p=126067"},"modified":"2026-01-12T15:29:59","modified_gmt":"2026-01-12T18:29:59","slug":"novo-desconto-na-conta-de-energia-amplia-atendimento-a-familias-de-baixa-renda-em-pernambuco","status":"publish","type":"post","link":"https:\/\/blogdoedvaldomagalhaes.com.br\/index.php\/2026\/01\/12\/novo-desconto-na-conta-de-energia-amplia-atendimento-a-familias-de-baixa-renda-em-pernambuco\/","title":{"rendered":"Novo desconto na conta de energia amplia atendimento a fam\u00edlias de baixa renda em Pernambuco"},"content":{"rendered":"<p>_Benef\u00edcio garante redu\u00e7\u00e3o de 10,58% para inscritos no Cad\u00danico, com renda mensal, por pessoa, acima de meio e at\u00e9 um sal\u00e1rio-m\u00ednimo, no consumo de at\u00e9 120 kWh\/m\u00eas_<br \/><br \/>_Recife, 12 de janeiro de 2025_ \u2013 Desde 1\u00ba de janeiro, passou a valer em todo o Pa\u00eds o Desconto Social na fatura de energia el\u00e9trica. A medida amplia o alcance dos programas tarif\u00e1rios e passa a contemplar, al\u00e9m da Tarifa Social de Energia El\u00e9trica (TSEE), fam\u00edlias inscritas no Cadastro \u00danico para Programas Sociais do Governo Federal (Cad\u00danico) com renda acima de meio sal\u00e1rio-m\u00ednimo e at\u00e9 um sal\u00e1rio-m\u00ednimo por pessoa, no consumo mensal de at\u00e9 120 kWh.<\/p>\n<p>Em Pernambuco, a redu\u00e7\u00e3o aplicada \u00e9 de 10,58% para os primeiros 120kWh. Quem consumir a mais, vai pagar a diferen\u00e7a com o valor cheio, sem desconto. A concess\u00e3o ocorre automaticamente para quem est\u00e1 com os dados atualizados. A expectativa da Neoenergia Pernambuco \u00e9 alcan\u00e7ar at\u00e9 78 mil fam\u00edlias no Estado.<\/p>\n<p>A Tarifa Social permanece garantindo gratuidade nos primeiros 80 kWh consumidos no m\u00eas para n\u00facleos familiares com renda de at\u00e9 meio sal\u00e1rio-m\u00ednimo por pessoa, al\u00e9m de idosos e pessoas com defici\u00eancia atendidos pelo Benef\u00edcio de Presta\u00e7\u00e3o Continuada (BPC), ind\u00edgenas e quilombolas inscritos no Cad\u00danico.<\/p>\n<p>A inclus\u00e3o no novo benef\u00edcio depende de a titularidade da fatura estar no nome de um integrante do grupo familiar cadastrado. A mesma regra passou a valer tamb\u00e9m para quem j\u00e1 recebe a Tarifa Social. Antes, era poss\u00edvel manter o benef\u00edcio mesmo quando o titular n\u00e3o coincidia com o benefici\u00e1rio cadastrado.<\/p>\n<p>Outra exig\u00eancia \u00e9 a compatibilidade do endere\u00e7o informado no cadastro social com o registro da distribuidora, medida adotada para reduzir inconsist\u00eancias e evitar pagamentos indevidos.<\/p>\n<p>\u201c\u00c9 importante confirmar se a conta est\u00e1 no nome de algu\u00e9m da fam\u00edlia cadastrada e se o endere\u00e7o est\u00e1 atualizado. Isso evita bloqueios e garante a aplica\u00e7\u00e3o correta do desconto. Caso seja necess\u00e1rio ajustar a titularidade, o procedimento pode ser feito com a apresenta\u00e7\u00e3o de um comprovante de resid\u00eancia ou contrato de aluguel e um documento oficial com foto, pelos canais digitais da Neoenergia Pernambuco ou em uma loja de atendimento\u201d, afirma o gerente comercial da Neoenergia Pernambuco, Adriano Barros.<\/p>\n<p>Atualmente, cerca de 1,3 milh\u00e3o de unidades consumidoras est\u00e3o vinculadas \u00e0 Tarifa Social em Pernambuco. A proje\u00e7\u00e3o \u00e9 que cerca de 78 mil passem a ser inclu\u00eddas no Desconto Social.<\/p>\n<p>*CRIT\u00c9RIOS DE PARTICIPA\u00c7\u00c3O*<\/p>\n<p>*Tarifa Social* <br \/>\u2022 Fam\u00edlias do Cad\u00danico com renda mensal de at\u00e9 meio sal\u00e1rio-m\u00ednimo por pessoa, inclusive fam\u00edlias ind\u00edgenas ou quilombolas.<br \/>\uf0a7 Idosos e pessoas com defici\u00eancia que recebem o BPC;<br \/>\uf0a7 Fam\u00edlias cadastradas no Cad\u00danico que vivem em sistemas isolados, sem liga\u00e7\u00e3o ao Sistema Interligado Nacional.<\/p>\n<p>*Desconto Social*<br \/>\uf0a7 Fam\u00edlias do Cad\u00danico com renda mensal acima de meio sal\u00e1rio m\u00ednimo e at\u00e9 um sal\u00e1rio m\u00ednimo por pessoa, inclusive fam\u00edlias ind\u00edgenas ou quilombolas.<br \/>\uf0a7 fam\u00edlias cadastradas no Cad\u00danico que vivem em sistemas isolados, sem liga\u00e7\u00e3o ao Sistema Interligado Nacional.<\/p>\n<p>\u00c9 importante ressaltar que, para a concess\u00e3o do benef\u00edcio, o titular da Unidade Consumidora (UC) deve, obrigatoriamente, fazer parte do grupo familiar cadastrado no CRAS. Al\u00e9m disso, o endere\u00e7o da UC deve coincidir com aquele informado no cadastro do CRAS ou, no caso de benefici\u00e1rios do BPC\/LOAS, com o endere\u00e7o registrado na ag\u00eancia do INSS. \u00c9 fundamental, ainda, que o cadastro no CRAS esteja atualizado, com a \u00faltima atualiza\u00e7\u00e3o realizada nos \u00faltimos dois anos.<\/p>\n<p>BENEF\u00cdCIOS<br \/>Tarifa Social \u2013 gratuidade nos primeiros 80kWh consumidos no m\u00eas<br \/>*Desconto Social* \u2013 desconto de 10,58% nos primeiros 120kWh consumidos por m\u00eas. Foto: Divulga\u00e7\u00e3o. \u00a0 \u00a0 \u00a0\u00a0<br \/>Siga o Instagram @portaledvaldomagalhaes<\/p>\n\n\n<p><\/p>\n","protected":false},"excerpt":{"rendered":"<p>_Benef\u00edcio garante redu\u00e7\u00e3o de 10,58% para inscritos no Cad\u00danico, com renda mensal, por pessoa, acima de meio e at\u00e9 um&hellip;<\/p>\n","protected":false},"author":1,"featured_media":126068,"comment_status":"closed","ping_status":"open","sticky":false,"template":"","format":"standard","meta":{"footnotes":""},"categories":[14120],"tags":[13146,34634],"class_list":["post-126067","post","type-post","status-publish","format-standard","has-post-thumbnail","hentry","category-noticias","tag-blog-edvaldo-magalhaes","tag-portal-edvaldo-magalhaes"],"_links":{"self":[{"href":"https:\/\/blogdoedvaldomagalhaes.com.br\/index.php\/wp-json\/wp\/v2\/posts\/126067","targetHints":{"allow":["GET"]}}],"collection":[{"href":"https:\/\/blogdoedvaldomagalhaes.com.br\/index.php\/wp-json\/wp\/v2\/posts"}],"about":[{"href":"https:\/\/blogdoedvaldomagalhaes.com.br\/index.php\/wp-json\/wp\/v2\/types\/post"}],"author":[{"embeddable":true,"href":"https:\/\/blogdoedvaldomagalhaes.com.br\/index.php\/wp-json\/wp\/v2\/users\/1"}],"replies":[{"embeddable":true,"href":"https:\/\/blogdoedvaldomagalhaes.com.br\/index.php\/wp-json\/wp\/v2\/comments?post=126067"}],"version-history":[{"count":1,"href":"https:\/\/blogdoedvaldomagalhaes.com.br\/index.php\/wp-json\/wp\/v2\/posts\/126067\/revisions"}],"predecessor-version":[{"id":126069,"href":"https:\/\/blogdoedvaldomagalhaes.com.br\/index.php\/wp-json\/wp\/v2\/posts\/126067\/revisions\/126069"}],"wp:featuredmedia":[{"embeddable":true,"href":"https:\/\/blogdoedvaldomagalhaes.com.br\/index.php\/wp-json\/wp\/v2\/media\/126068"}],"wp:attachment":[{"href":"https:\/\/blogdoedvaldomagalhaes.com.br\/index.php\/wp-json\/wp\/v2\/media?parent=126067"}],"wp:term":[{"taxonomy":"category","embeddable":true,"href":"https:\/\/blogdoedvaldomagalhaes.com.br\/index.php\/wp-json\/wp\/v2\/categories?post=126067"},{"taxonomy":"post_tag","embeddable":true,"href":"https:\/\/blogdoedvaldomagalhaes.com.br\/index.php\/wp-json\/wp\/v2\/tags?post=126067"}],"curies":[{"name":"wp","href":"https:\/\/api.w.org\/{rel}","templated":true}]}}