{"id":126064,"date":"2026-01-12T15:03:18","date_gmt":"2026-01-12T18:03:18","guid":{"rendered":"https:\/\/blogdoedvaldomagalhaes.com.br\/?p=126064"},"modified":"2026-01-12T15:03:18","modified_gmt":"2026-01-12T18:03:18","slug":"caruaru-reforca-acoes-de-enfrentamento-a-violencia-contra-a-mulher-e-amplia-rede-de-protecao-no-municipio","status":"publish","type":"post","link":"https:\/\/blogdoedvaldomagalhaes.com.br\/index.php\/2026\/01\/12\/caruaru-reforca-acoes-de-enfrentamento-a-violencia-contra-a-mulher-e-amplia-rede-de-protecao-no-municipio\/","title":{"rendered":"Caruaru refor\u00e7a a\u00e7\u00f5es de enfrentamento \u00e0 viol\u00eancia contra a mulher e amplia rede de prote\u00e7\u00e3o no munic\u00edpio"},"content":{"rendered":"<p><span style=\"font-size: revert;\">Diante do aumento dos \u00edndices de feminic\u00eddio registrados em Pernambuco e no Brasil, a Prefeitura de Caruaru, por meio da Secretaria da Mulher (SEMU), tem refor\u00e7ado o compromisso com o enfrentamento \u00e0 viol\u00eancia de g\u00eanero e o fortalecimento da rede de prote\u00e7\u00e3o \u00e0s mulheres com a\u00e7\u00f5es pr\u00e1ticas. Embora o munic\u00edpio tenha registrado cinco casos de feminic\u00eddio em 2025, o \u00faltimo confirmado em setembro, todos tiveram r\u00e1pida resposta das for\u00e7as de seguran\u00e7a.<\/span><\/p>\n<p>\u201cA nossa gest\u00e3o tem compromisso com a vida das mulheres, ampliando as a\u00e7\u00f5es em todas as secretarias do munic\u00edpio e n\u00e3o s\u00f3 na Secretaria da Mulher, que, al\u00e9m do enfrentamento a viol\u00eancia, ainda atua no foco do cuidado, da cidadania autononia econ\u00f4mica e sa\u00fade da mulher\u201d, afirmou a secret\u00e1ria da Mulher, Luana Marabuco.<\/p>\n<p>O cen\u00e1rio refor\u00e7a a import\u00e2ncia de a\u00e7\u00f5es preventivas e integradas, que v\u00eam sendo ampliadas no munic\u00edpio. Em 2025, o atendimento \u00e0s mulheres avan\u00e7ou: o Centro de Refer\u00eancia da Mulher Maria Neuma (CRM) registrou 6.173 atendimentos em 2025, crescimento em rela\u00e7\u00e3o a 2024, quando foram contabilizados 5.606.<\/p>\n<p>Na educa\u00e7\u00e3o, o projeto Maria da Penha Vai \u00e0s Escolas alcan\u00e7ou, ao longo do ano, 3.008 estudantes em 39 unidades escolares, consolidando-se como uma das principais estrat\u00e9gias de conscientiza\u00e7\u00e3o e enfrentamento \u00e0 viol\u00eancia desde a inf\u00e2ncia e adolesc\u00eancia. As forma\u00e7\u00f5es sociopol\u00edticas, por sua vez, atingiram 4.704 pessoas, mais que o triplo do p\u00fablico atendido no ano anterior.<\/p>\n<p>Al\u00e9m disso, o munic\u00edpio promoveu iniciativas como aul\u00e3o de defesa pessoal, a 4\u00aa Confer\u00eancia Municipal de Pol\u00edticas para as Mulheres, que reuniu 462 mulheres, e o I Congresso do Agreste de Enfrentamento \u00e0 Viol\u00eancia de G\u00eanero, com 783 participantes inscritos e 87 trabalhos submetidos, consolidando Caruaru como refer\u00eancia regional no debate sobre o tema.<\/p>\n<p>Um dos principais diferenciais da pol\u00edtica municipal \u00e9 o N\u00facleo Integrado dos Oficiais de Justi\u00e7a (NIOJ), iniciativa pioneira implantada em 2024. O n\u00facleo garante maior agilidade no cumprimento das Medidas Protetivas de Urg\u00eancia, com atua\u00e7\u00e3o exclusiva de oficiais de justi\u00e7a dedicados aos casos de viol\u00eancia dom\u00e9stica, funcionando na Vara de Viol\u00eancia Dom\u00e9stica e Familiar contra a Mulher de Caruaru. A experi\u00eancia exitosa j\u00e1 se tornou refer\u00eancia e ser\u00e1 replicada na Regi\u00e3o Metropolitana do Recife. \u00a0 \u00a0\u00a0<br \/>Siga o Instagram @portaledvaldomagalhaes<br \/>Foto: Divulga\u00e7\u00e3o\u00a0<\/p>\n\n\n<p><\/p>\n","protected":false},"excerpt":{"rendered":"<p>Diante do aumento dos \u00edndices de feminic\u00eddio registrados em Pernambuco e no Brasil, a Prefeitura de Caruaru, por meio da&hellip;<\/p>\n","protected":false},"author":1,"featured_media":126065,"comment_status":"closed","ping_status":"open","sticky":false,"template":"","format":"standard","meta":{"footnotes":""},"categories":[14120],"tags":[13146,35643,34634],"class_list":["post-126064","post","type-post","status-publish","format-standard","has-post-thumbnail","hentry","category-noticias","tag-blog-edvaldo-magalhaes","tag-caruaru-reforca-acoes-de-enfrentamento-a-violencia-contra-a-mulher-e-amplia-rede-de-protecao-no-municipio","tag-portal-edvaldo-magalhaes"],"_links":{"self":[{"href":"https:\/\/blogdoedvaldomagalhaes.com.br\/index.php\/wp-json\/wp\/v2\/posts\/126064","targetHints":{"allow":["GET"]}}],"collection":[{"href":"https:\/\/blogdoedvaldomagalhaes.com.br\/index.php\/wp-json\/wp\/v2\/posts"}],"about":[{"href":"https:\/\/blogdoedvaldomagalhaes.com.br\/index.php\/wp-json\/wp\/v2\/types\/post"}],"author":[{"embeddable":true,"href":"https:\/\/blogdoedvaldomagalhaes.com.br\/index.php\/wp-json\/wp\/v2\/users\/1"}],"replies":[{"embeddable":true,"href":"https:\/\/blogdoedvaldomagalhaes.com.br\/index.php\/wp-json\/wp\/v2\/comments?post=126064"}],"version-history":[{"count":1,"href":"https:\/\/blogdoedvaldomagalhaes.com.br\/index.php\/wp-json\/wp\/v2\/posts\/126064\/revisions"}],"predecessor-version":[{"id":126066,"href":"https:\/\/blogdoedvaldomagalhaes.com.br\/index.php\/wp-json\/wp\/v2\/posts\/126064\/revisions\/126066"}],"wp:featuredmedia":[{"embeddable":true,"href":"https:\/\/blogdoedvaldomagalhaes.com.br\/index.php\/wp-json\/wp\/v2\/media\/126065"}],"wp:attachment":[{"href":"https:\/\/blogdoedvaldomagalhaes.com.br\/index.php\/wp-json\/wp\/v2\/media?parent=126064"}],"wp:term":[{"taxonomy":"category","embeddable":true,"href":"https:\/\/blogdoedvaldomagalhaes.com.br\/index.php\/wp-json\/wp\/v2\/categories?post=126064"},{"taxonomy":"post_tag","embeddable":true,"href":"https:\/\/blogdoedvaldomagalhaes.com.br\/index.php\/wp-json\/wp\/v2\/tags?post=126064"}],"curies":[{"name":"wp","href":"https:\/\/api.w.org\/{rel}","templated":true}]}}