{"id":126061,"date":"2026-01-12T13:52:36","date_gmt":"2026-01-12T16:52:36","guid":{"rendered":"https:\/\/blogdoedvaldomagalhaes.com.br\/?p=126061"},"modified":"2026-01-12T14:05:55","modified_gmt":"2026-01-12T17:05:55","slug":"pernambuco-meu-pais-verao-chega-a-sao-jose-da-coroa-grande-com-shows-de-ferrugem-alexandre-pires-e-o-grande-encontro","status":"publish","type":"post","link":"https:\/\/blogdoedvaldomagalhaes.com.br\/index.php\/2026\/01\/12\/pernambuco-meu-pais-verao-chega-a-sao-jose-da-coroa-grande-com-shows-de-ferrugem-alexandre-pires-e-o-grande-encontro\/","title":{"rendered":"Pernambuco Meu Pa\u00eds Ver\u00e3o chega a S\u00e3o Jos\u00e9 da Coroa Grande com shows de Ferrugem, Alexandre Pires e O Grande Encontro"},"content":{"rendered":"<p><span style=\"font-size: revert;\">O Governo de Pernambuco, por meio da Secretaria de Cultura de Pernambuco (Secult-PE) e da Empresa de Turismo de Pernambuco (Empetur), com apoio da Prefeitura de S\u00e3o Jos\u00e9 da Coroa Grande, realiza, nos dias 16, 17 e 18 de janeiro, a edi\u00e7\u00e3o de ver\u00e3o do Pernambuco Meu Pa\u00eds, na Pra\u00e7a Constantino Gomes, \u00e1rea central do munic\u00edpio do Litoral Sul do estado.<\/span><\/p>\n<p>Ao levar uma programa\u00e7\u00e3o cultural gratuita e de grande porte a um munic\u00edpio fora do eixo da capital, o festival materializa a diretriz de democratiza\u00e7\u00e3o do acesso \u00e0 cultura adotada pela gest\u00e3o da governadora Raquel Lyra, ampliando o alcance das pol\u00edticas culturais e promovendo a interioriza\u00e7\u00e3o das a\u00e7\u00f5es p\u00fablicas. O projeto impacta diretamente cadeias produtivas como turismo, com\u00e9rcio, servi\u00e7os, hospedagem e economia criativa, gerando renda, empregos tempor\u00e1rios e visibilidade para os territ\u00f3rios.<\/p>\n<p>A edi\u00e7\u00e3o de ver\u00e3o do Pernambuco Meu Pa\u00eds est\u00e1 inserida em um calend\u00e1rio cont\u00ednuo de ocupa\u00e7\u00e3o cultural do estado. Em dezembro, o festival passou por Camaragibe e pelo Terminal Mar\u00edtimo de Passageiros, no Recife, al\u00e9m de integrar a programa\u00e7\u00e3o do R\u00e9veillon em Jaboat\u00e3o dos Guararapes. Agora em janeiro, a iniciativa avan\u00e7a para S\u00e3o Jos\u00e9 da Coroa Grande e Ilha de Itamarac\u00e1, consolidando uma estrat\u00e9gia de descentraliza\u00e7\u00e3o das pol\u00edticas culturais e de est\u00edmulo ao desenvolvimento regional a partir da cultura.<\/p>\n<p>Para a secret\u00e1ria de Cultura de Pernambuco, Cacau de Paula, a chegada do festival ao Litoral Sul marca a abertura do calend\u00e1rio de grandes shows de 2026 e reafirma o papel da cultura como eixo estrat\u00e9gico das pol\u00edticas p\u00fablicas estaduais.<\/p>\n<p>&#8220;O Pernambuco Meu Pa\u00eds reafirma, a cada edi\u00e7\u00e3o, sua for\u00e7a como espa\u00e7o de encontro entre o p\u00fablico e a diversidade da nossa produ\u00e7\u00e3o cultural. Iniciar 2026 em S\u00e3o Jos\u00e9 da Coroa Grande, no Litoral Sul, com um line-up que re\u00fane artistas consagrados e novas express\u00f5es da m\u00fasica brasileira, \u00e9 tamb\u00e9m impulsionar a economia criativa. \u00c9 nesse di\u00e1logo entre tradi\u00e7\u00e3o, inova\u00e7\u00e3o e diversidade que a cultura se consolida como um eixo estrat\u00e9gico para o desenvolvimento do Estado\u201d, afirma a gestora, ressaltando ainda que toda a programa\u00e7\u00e3o \u00e9 gratuita.<\/p>\n<p>A programa\u00e7\u00e3o em S\u00e3o Jos\u00e9 da Coroa Grande come\u00e7a na sexta-feira (16), a partir das 18h, com o Bloco Carnavalesco L\u00edrico Cordas e Retalhos, seguido por Ed Carlos, \u00e0s 19h, e Nena Queiroga, \u00e0s 20h30. \u00c0s 22h20, o p\u00fablico confere O Grande Encontro, com Elba Ramalho, Geraldo Azevedo e Alceu Valen\u00e7a, seguido por Jos\u00e9 Augusto que encerra a noite a partir de 0h30. A discotecagem nos intervalos ser\u00e1 com o DJ Bobe.<\/p>\n<p>No s\u00e1bado (17), a programa\u00e7\u00e3o tem in\u00edcio \u00e0s 18h com o Maracatu Na\u00e7\u00e3o Camale\u00e3o, seguido por Juarez, \u00e0s 19h, Nath\u00e1lia Calasans, \u00e0s 20h30, Zezo, \u00e0s 22h30, e Timbalada, \u00e0 0h30. Nos intervalos da noite, DJ Baloo.<\/p>\n<p>No domingo (18), a programa\u00e7\u00e3o come\u00e7a \u00e0s 18h com a Tro\u00e7a Carnavalesca Pitombeira dos Quatro Cantos, seguida por Helena Cristina, \u00e0s 19h, Grupo Revela\u00e7\u00e3o, \u00e0s 20h30, Alexandre Pires, \u00e0s 22h30, e Ferrugem fecha o festival em S\u00e3o Jos\u00e9 da Coroa Grande a partir de 0h30. A discotecagem fica por conta de DJ Salvador.<\/p>\n<p>Sob a perspectiva do turismo como indutor do desenvolvimento regional, o secret\u00e1rio estadual de Turismo e Lazer, Kaio Mani\u00e7oba, destaca que o festival fortalece o fluxo tur\u00edstico interno e regional.<\/p>\n<p>&#8220;O Festival Pernambuco Meu Pa\u00eds vem fomentando o turismo em todo o nosso estado. \u00c9 um evento que movimenta a economia e beneficia tanto o turista quanto o povo de S\u00e3o Jos\u00e9 da Coroa Grande e das cidades vizinhas, que podem participar de um evento multicultural com artistas nacionais e locais\u201d.<\/p>\n<p>O secret\u00e1rio acrescenta que se trata de \u201cum trabalho coletivo do Governo Raquel Lyra\u201d, com foco em apresentar as belezas naturais e culturais de Pernambuco, estimulando o retorno dos visitantes e a gera\u00e7\u00e3o cont\u00ednua de emprego e renda.<\/p>\n<p>O presidente da Empetur, Eduardo Loyo, ressalta que a inclus\u00e3o de S\u00e3o Jos\u00e9 da Coroa Grande no circuito do Pernambuco Meu Pa\u00eds fortalece a estrat\u00e9gia de diversifica\u00e7\u00e3o dos destinos tur\u00edsticos do estado.<\/p>\n<p>\u201cS\u00e3o Jos\u00e9 da Coroa Grande passa a integrar o Pernambuco Meu Pa\u00eds com protagonismo. O festival ativa a economia, gera visibilidade e reafirma a voca\u00e7\u00e3o do munic\u00edpio para receber grandes eventos\u201d, caracterizando a iniciativa como \u201cuma a\u00e7\u00e3o estruturada, que valoriza a regi\u00e3o e transforma o turismo e cultura em desenvolvimento econ\u00f4mico e social\u201d.<\/p>\n<p>Do ponto de vista das pol\u00edticas culturais, a diretora-geral do Festival Pernambuco Meu Pa\u00eds, Carla Pereira, destaca a import\u00e2ncia da interioriza\u00e7\u00e3o das a\u00e7\u00f5es e da valoriza\u00e7\u00e3o da diversidade cultural. &#8220;Expandir o Pernambuco Meu Pa\u00eds para diferentes regi\u00f5es do estado \u00e9 fortalecer os territ\u00f3rios e reconhecer a pluralidade cultural de Pernambuco, e a edi\u00e7\u00e3o de ver\u00e3o amplia esse movimento ao chegar ao Litoral Sul, estimulando a economia criativa e promovendo um encontro direto entre artistas, tradi\u00e7\u00f5es e p\u00fablicos diversos\u201d.<\/p>\n<p>Programa\u00e7\u00e3o Pernambuco Meu Pa\u00eds Ver\u00e3o &#8211; S\u00e3o Jos\u00e9 da Coroa Grande:<\/p>\n<p>16\/01 \u2013 Sexta-feira<br \/>\n18h &#8211; Bloco Carnavalesco L\u00edrico Cordas e Retalhos<br \/>\n19h &#8211; Ed Carlos<br \/>\n20h30 &#8211; Nena Queiroga<br \/>\n22h20 &#8211; O Grande Encontro, com Elba Ramalho, Geraldo Azevedo e Alceu Valen\u00e7a<br \/>\n00h30 &#8211; Jos\u00e9 Augusto<br \/>\nDJ Bobe nos intervalos<\/p>\n<p>17\/01 \u2013 S\u00e1bado<br \/>\n18h &#8211; Maracatu Na\u00e7\u00e3o Camale\u00e3o<br \/>\n19h &#8211; Juarez<br \/>\n20h30 &#8211; Nath\u00e1lia Calasans<br \/>\n22h30 &#8211; Zezo<br \/>\n00h30 &#8211; Timbalada<br \/>\nDJ Baloo nos intervalos<\/p>\n<p>18\/01 \u2013 Domingo<br \/>\n18h &#8211; Tro\u00e7a Carnavalesca Pitombeira dos Quatro Cantos<br \/>\n19h &#8211; Helena Cristina<br \/>\n20h30 &#8211; Grupo Revela\u00e7\u00e3o<br \/>\n22h30 &#8211; Alexandre Pires<br \/>\n00h30 &#8211; Ferrugem<br \/>\nDJ Salvador nos intervalos.<br \/>\n<span style=\"font-size: revert;\">Siga o Instagram @portaledvaldomagalhaes.<br \/>\nFoto: Divulga\u00e7\u00e3o\u00a0<\/span><\/p>\n","protected":false},"excerpt":{"rendered":"<p>O Governo de Pernambuco, por meio da Secretaria de Cultura de Pernambuco (Secult-PE) e da Empresa de Turismo de Pernambuco&hellip;<\/p>\n","protected":false},"author":1,"featured_media":126062,"comment_status":"closed","ping_status":"open","sticky":false,"template":"","format":"standard","meta":{"footnotes":""},"categories":[14120],"tags":[13146,35642,34634],"class_list":["post-126061","post","type-post","status-publish","format-standard","has-post-thumbnail","hentry","category-noticias","tag-blog-edvaldo-magalhaes","tag-pernambuco-meu-pais-verao-chega-a-sao-jose-da-coroa-grande","tag-portal-edvaldo-magalhaes"],"_links":{"self":[{"href":"https:\/\/blogdoedvaldomagalhaes.com.br\/index.php\/wp-json\/wp\/v2\/posts\/126061","targetHints":{"allow":["GET"]}}],"collection":[{"href":"https:\/\/blogdoedvaldomagalhaes.com.br\/index.php\/wp-json\/wp\/v2\/posts"}],"about":[{"href":"https:\/\/blogdoedvaldomagalhaes.com.br\/index.php\/wp-json\/wp\/v2\/types\/post"}],"author":[{"embeddable":true,"href":"https:\/\/blogdoedvaldomagalhaes.com.br\/index.php\/wp-json\/wp\/v2\/users\/1"}],"replies":[{"embeddable":true,"href":"https:\/\/blogdoedvaldomagalhaes.com.br\/index.php\/wp-json\/wp\/v2\/comments?post=126061"}],"version-history":[{"count":1,"href":"https:\/\/blogdoedvaldomagalhaes.com.br\/index.php\/wp-json\/wp\/v2\/posts\/126061\/revisions"}],"predecessor-version":[{"id":126063,"href":"https:\/\/blogdoedvaldomagalhaes.com.br\/index.php\/wp-json\/wp\/v2\/posts\/126061\/revisions\/126063"}],"wp:featuredmedia":[{"embeddable":true,"href":"https:\/\/blogdoedvaldomagalhaes.com.br\/index.php\/wp-json\/wp\/v2\/media\/126062"}],"wp:attachment":[{"href":"https:\/\/blogdoedvaldomagalhaes.com.br\/index.php\/wp-json\/wp\/v2\/media?parent=126061"}],"wp:term":[{"taxonomy":"category","embeddable":true,"href":"https:\/\/blogdoedvaldomagalhaes.com.br\/index.php\/wp-json\/wp\/v2\/categories?post=126061"},{"taxonomy":"post_tag","embeddable":true,"href":"https:\/\/blogdoedvaldomagalhaes.com.br\/index.php\/wp-json\/wp\/v2\/tags?post=126061"}],"curies":[{"name":"wp","href":"https:\/\/api.w.org\/{rel}","templated":true}]}}