{"id":125882,"date":"2025-12-30T12:35:52","date_gmt":"2025-12-30T15:35:52","guid":{"rendered":"https:\/\/blogdoedvaldomagalhaes.com.br\/?p=125882"},"modified":"2025-12-30T12:35:52","modified_gmt":"2025-12-30T15:35:52","slug":"governadora-raquel-lyra-sanciona-lei-que-autoriza-doacao-de-area-para-novo-complexo-cultural-e-religioso-da-obra-de-maria","status":"publish","type":"post","link":"https:\/\/blogdoedvaldomagalhaes.com.br\/index.php\/2025\/12\/30\/governadora-raquel-lyra-sanciona-lei-que-autoriza-doacao-de-area-para-novo-complexo-cultural-e-religioso-da-obra-de-maria\/","title":{"rendered":"Governadora Raquel Lyra sanciona lei que autoriza doa\u00e7\u00e3o de \u00e1rea para novo complexo cultural e religioso da Obra de Maria"},"content":{"rendered":"<p class=\"s5\"><span class=\"s4\"><span class=\"bumpedFont15\">Espa\u00e7o pr\u00f3ximo \u00e0 Arena Pernambuco abrigar\u00e1 o Santu\u00e1rio S\u00e3o Jo\u00e3o Paulo II e projetos culturais, educativos e sociais.<\/span><\/span><\/p>\n<p class=\"s6\">A governadora Raquel Lyra sancionou a lei que autoriza a doa\u00e7\u00e3o de uma \u00e1rea localizada \u00e0s margens da BR-408, em S\u00e3o Louren\u00e7o da Mata, para a constru\u00e7\u00e3o de um complexo cultural e religioso da Comunidade Cat\u00f3lica Obra de Maria. O espa\u00e7o abrigar\u00e1 o Santu\u00e1rio dedicado a S\u00e3o Jo\u00e3o Paulo II e projetos voltados \u00e0 educa\u00e7\u00e3o, cultura, esporte e inclus\u00e3o social.<\/p>\n<p class=\"s7\">Com aproximadamente 23 mil metros quadrados, a \u00e1rea fica pr\u00f3xima \u00e0 Arena de Pernambuco e as obras dever\u00e3o ser iniciadas no prazo de at\u00e9 24 meses ap\u00f3s a lavratura da escritura p\u00fablica de doa\u00e7\u00e3o. O complexo \u00a0ter\u00e1 atividades esportivas, educativas e a\u00e7\u00f5es culturais permanentes. Um dos destaques ser\u00e1 a implanta\u00e7\u00e3o de uma Escola de M\u00fasica Inclusiva, em parceria com a Orquestra Crian\u00e7a Cidad\u00e3, fortalecendo a forma\u00e7\u00e3o art\u00edstica de crian\u00e7as e jovens em situa\u00e7\u00e3o de vulnerabilidade social.<\/p>\n<p class=\"s9\"><a name=\"_gnqco1g5ctb\"><\/a><span class=\"s8\"><span class=\"bumpedFont15\">Santu\u00e1rio S\u00e3o Jo\u00e3o Paulo II <\/span><\/span><\/p>\n<p class=\"s6\">A constru\u00e7\u00e3o do Santu\u00e1rio S\u00e3o Jo\u00e3o Paulo II ter\u00e1 ajuda dos benfeitores europeus que apoiam a Comunidade Obra de Maria. O Santu\u00e1rio ter\u00e1 capacidade para aproximadamente 1.500 pessoas sentadas, com um projeto arquitet\u00f4nico moderno e de forte identidade simb\u00f3lica. O santu\u00e1rio ter\u00e1 um valor simb\u00f3lico relevante: \u00a0foi a \u00faltima par\u00f3quia criada pelo arcebispo Dom Fernando Saburido antes de concluir sua gest\u00e3o \u00e0 frente da Arquidiocese de Olinda e Recife e ser\u00e1 a primeira par\u00f3quia da Arquidiocese de Olinda e Recife dedicada a S\u00e3o Jo\u00e3o Paulo II.<\/p>\n<p class=\"s6\">\u201cA constru\u00e7\u00e3o do novo santu\u00e1rio consolida a regi\u00e3o de S\u00e3o Louren\u00e7o, Camaragibe e Paudalho como um novo polo de f\u00e9 e peregrina\u00e7\u00e3o, \u00a0fortalecendo o turismo religioso e a voca\u00e7\u00e3o de Pernambuco para projetos que integram espiritualidade, cultura e desenvolvimento econ\u00f4mico\u201d, resumiu o fundador da Obra de Maria, Gilberto Barbosa.<\/p>\n<p class=\"s11\"><span class=\"s10\">Apoio do Estado <\/span><\/p>\n<p class=\"s6\">O fundador da Obra de Maria destacou o empenho do governo do Estado em atender as demandas apresentadas pela comunidade cat\u00f3lica, durante uma visita da governadora Raquel Lyra e da vice, Priscila Krause, \u00e0 sede da comunidade. , em S\u00e3o Louren\u00e7o da Mata, em 2024. Na visita, a governadora e a vice conheceram de perto o trabalho feito pela institui\u00e7\u00e3o, participaram de momentos da forma\u00e7\u00e3o dos mission\u00e1rios e dialogaram com lideran\u00e7as sobre a\u00e7\u00f5es sociais, culturais e religiosas. Durante o encontro, Gilberto Barbosa apresentou outras demandas relacionadas \u00e0 infraestrutura do entorno da Arena de Pernambuco. \u201cTr\u00eas meses depois, fui agradecer pessoalmente \u00e0 governadora e \u00e0 vice pela constru\u00e7\u00e3o da estrada de Penedo e pela instala\u00e7\u00e3o da ilumina\u00e7\u00e3o no entorno da Arena de Pernambuco, obras importantes para a mobilidade e seguran\u00e7a da \u00e1rea\u201d, destacou Gilberto.<\/p>\n<p class=\"s12\"><a name=\"_qrhi0hhqfve2\"><\/a><span class=\"s8\"><span class=\"bumpedFont15\">Confian\u00e7a e reconhecimento<\/span><\/span><\/p>\n<p class=\"s6\">Para o fundador da Obra de Maria, a san\u00e7\u00e3o da lei reflete a rela\u00e7\u00e3o de confian\u00e7a constru\u00edda com o Governo do Estado. \u201cPara mim, a palavra da governadora tem o mesmo valor que um documento assinado. Na minha experi\u00eancia, ela cumpre o que assume e cumpre com rapidez, muitas vezes antes do prazo. Ao longo desse di\u00e1logo iniciado em 2024, apresentei pedidos que considerei fundamentais, como melhorias na infraestrutura, ilumina\u00e7\u00e3o, aten\u00e7\u00e3o ao turismo religioso. Todos os nossos pedidos foram atendidos e, agora, veio a destina\u00e7\u00e3o do terreno para este complexo\u201d, afirmou, destacando tamb\u00e9m a constru\u00e7\u00e3o do ramal da Arena, \u00a0acesso ao est\u00e1dio da Arena de Pernambuco importante para a mobilidade da \u00e1rea.<\/p>\n<p class=\"s6\">Gilberto Barbosa ressaltou ainda a rela\u00e7\u00e3o de reconhecimento institucional constru\u00edda ao longo do di\u00e1logo com o Governo do Estado. \u201cEu sinto que ela valoriza muito o trabalho da institui\u00e7\u00e3o, da Obra de Maria. Sinto que ela se orgulha da comunidade ser sediada aqui no Estado, uma institui\u00e7\u00e3o presente em 64 pa\u00edses e que trabalha em favor dos pobres no mundo inteiro\u201d, afirmou.<\/p>\n<p class=\"s12\"><a name=\"_dn729o3f8f8a\"><\/a><span class=\"s8\"><span class=\"bumpedFont15\">Impacto social <\/span><\/span><\/p>\n<p class=\"s6\">O projeto do complexo refor\u00e7a o compromisso da Obra de Maria com a\u00e7\u00f5es de longo prazo voltadas ao desenvolvimento humano e social. \u201cEste complexo nasce do di\u00e1logo institucional, da confian\u00e7a m\u00fatua e do compromisso com o bem comum, unindo f\u00e9, cultura e servi\u00e7o \u00e0 sociedade\u201d, concluiu Gilberto.<\/p>\n<p class=\"s6\">Com o avan\u00e7o das etapas legais, o projeto entra agora em fase de planejamento executivo, abrindo caminho para a capta\u00e7\u00e3o de recursos e o detalhamento das a\u00e7\u00f5es que ser\u00e3o implementadas no espa\u00e7o. A expectativa \u00e9 que o complexo se consolide como um referencial permanente de forma\u00e7\u00e3o, acolhimento e promo\u00e7\u00e3o da cidadania, contribuindo para o fortalecimento do turismo religioso e para o desenvolvimento sustent\u00e1vel de S\u00e3o Louren\u00e7o da Mata e de Pernambuco como um todo.<\/p>\n<p class=\"s11\"><span class=\"s10\">Sobre a Obra de Maria<\/span><\/p>\n<p class=\"s6\">A Obra de Maria foi criada \u00a0por Gilberto Barbosa com o apoio de Maria Salom\u00e9 Ventura, em 1990. Gilberto \u00e9 pernambucano, tem 56 anos e \u00e9 formado em Filosofia, Teologia e p\u00f3s-graduado em psican\u00e1lise. Maria Salom\u00e9 \u00e9 paraibana e formada em Turismo e em psican\u00e1lise.<\/p>\n<p class=\"s6\">A Obra de Maria nasceu de um sonho, em um casar\u00e3o da V\u00e1rzea, pintado nas cores azul e branco, em homenagem ao manto da M\u00e3e de Jesus. Atualmente, a comunidade est\u00e1 presente em 64 pa\u00edses e conta com mais de 5 mil mission\u00e1rios e volunt\u00e1rios espalhados pelo mundo, presente na \u00c1frica, Europa, \u00c1sia, Am\u00e9rica do Norte e Am\u00e9rica Latina, sendo um expoente da Renova\u00e7\u00e3o Carism\u00e1tica em Pernambuco. Foto: Divulga\u00e7\u00e3o.<br \/>\nSiga o Instagram @portaledvaldomagalhaes<\/p>\n","protected":false},"excerpt":{"rendered":"<p>Espa\u00e7o pr\u00f3ximo \u00e0 Arena Pernambuco abrigar\u00e1 o Santu\u00e1rio S\u00e3o Jo\u00e3o Paulo II e projetos culturais, educativos e sociais. A governadora&hellip;<\/p>\n","protected":false},"author":1,"featured_media":125883,"comment_status":"closed","ping_status":"open","sticky":false,"template":"","format":"standard","meta":{"footnotes":""},"categories":[14120],"tags":[13146,35609,30589,34634],"class_list":["post-125882","post","type-post","status-publish","format-standard","has-post-thumbnail","hentry","category-noticias","tag-blog-edvaldo-magalhaes","tag-govenrsora-raquel-lyra","tag-obra-de-maria","tag-portal-edvaldo-magalhaes"],"_links":{"self":[{"href":"https:\/\/blogdoedvaldomagalhaes.com.br\/index.php\/wp-json\/wp\/v2\/posts\/125882","targetHints":{"allow":["GET"]}}],"collection":[{"href":"https:\/\/blogdoedvaldomagalhaes.com.br\/index.php\/wp-json\/wp\/v2\/posts"}],"about":[{"href":"https:\/\/blogdoedvaldomagalhaes.com.br\/index.php\/wp-json\/wp\/v2\/types\/post"}],"author":[{"embeddable":true,"href":"https:\/\/blogdoedvaldomagalhaes.com.br\/index.php\/wp-json\/wp\/v2\/users\/1"}],"replies":[{"embeddable":true,"href":"https:\/\/blogdoedvaldomagalhaes.com.br\/index.php\/wp-json\/wp\/v2\/comments?post=125882"}],"version-history":[{"count":1,"href":"https:\/\/blogdoedvaldomagalhaes.com.br\/index.php\/wp-json\/wp\/v2\/posts\/125882\/revisions"}],"predecessor-version":[{"id":125884,"href":"https:\/\/blogdoedvaldomagalhaes.com.br\/index.php\/wp-json\/wp\/v2\/posts\/125882\/revisions\/125884"}],"wp:featuredmedia":[{"embeddable":true,"href":"https:\/\/blogdoedvaldomagalhaes.com.br\/index.php\/wp-json\/wp\/v2\/media\/125883"}],"wp:attachment":[{"href":"https:\/\/blogdoedvaldomagalhaes.com.br\/index.php\/wp-json\/wp\/v2\/media?parent=125882"}],"wp:term":[{"taxonomy":"category","embeddable":true,"href":"https:\/\/blogdoedvaldomagalhaes.com.br\/index.php\/wp-json\/wp\/v2\/categories?post=125882"},{"taxonomy":"post_tag","embeddable":true,"href":"https:\/\/blogdoedvaldomagalhaes.com.br\/index.php\/wp-json\/wp\/v2\/tags?post=125882"}],"curies":[{"name":"wp","href":"https:\/\/api.w.org\/{rel}","templated":true}]}}