{"id":1257,"date":"2018-09-20T23:15:00","date_gmt":"2018-09-21T02:15:00","guid":{"rendered":"http:\/\/blogdoedvaldomagalhaes.com.br\/index.php\/2018\/09\/20\/mais-de-14-milhoes-de-visualizacoes-te\/"},"modified":"2019-02-09T02:31:44","modified_gmt":"2019-02-09T04:31:44","slug":"mais-de-14-milhoes-de-visualizacoes-te","status":"publish","type":"post","link":"https:\/\/blogdoedvaldomagalhaes.com.br\/index.php\/2018\/09\/20\/mais-de-14-milhoes-de-visualizacoes-te\/","title":{"rendered":"Mais de 14 Milh\u00f5es de visualiza\u00e7\u00f5es tem o Blog do Edvaldo Magalh\u00e3es"},"content":{"rendered":"<div class=\"separator\" style=\"clear: both; text-align: center;\">\n<a href=\"https:\/\/3.bp.blogspot.com\/-pR0E8VIivmQ\/W6Qppp9WuqI\/AAAAAAAA6Wg\/pGV_QGinZ_8Z8SOE_9-NuCU6Dp2EhjmxACLcBGAs\/s1600\/sim.jpg\" imageanchor=\"1\" style=\"margin-left: 1em; margin-right: 1em;\"><img loading=\"lazy\" decoding=\"async\" border=\"0\" data-original-height=\"384\" data-original-width=\"729\" height=\"332\" src=\"http:\/\/blogdoedvaldomagalhaes.com.br\/wp-content\/uploads\/2018\/09\/sim.jpg\" width=\"640\" \/><\/a><\/div>\n<div style=\"text-align: justify;\">\n<\/div>\n<div style=\"text-align: justify;\">\nO Blog do Edvaldo Magalh\u00e3es ultrapassou 14 milh\u00f5es de visualiza\u00e7\u00f5es, nesta quinta-feira (20). Estes n\u00fameros s\u00e3o apenas da p\u00e1gina&nbsp; do Blog, ou seja, n\u00e3o s\u00e3o inclu\u00eddos n\u00fameros da fanpage no Facebook, no Instagram e nem t\u00e3o pouco no Twiiter.<\/div>\n<div style=\"text-align: justify;\">\n<\/div>\n<div style=\"text-align: justify;\">\nComo as postagens do Blog s\u00e3o replicadas por outros instrumentos de comunica\u00e7\u00e3o como redes sociais (Facebook, Instagram e Twiiter), os n\u00fameros reais de acesso s\u00e3o multiplicadamente maiores. O detalhe, segundo a equipe t\u00e9cnica, \u00e9 que, como o editor do Blog n\u00e3o aceita qualquer tipo de artif\u00edcio para turbinar a quantidade de acessos, os n\u00fameros s\u00e3o absolutamente reais.<\/div>\n<div style=\"text-align: justify;\">\n<\/div>\n<div style=\"text-align: justify;\">\nEste \u00e9 o Blog de Caruaru mais seguido e curtido no Facebook. J\u00e1 no Twitter, o Blog do Edvaldo Magalh\u00e3es \u00e9 o mais seguido de Caruaru, de todos que tem Twitter na cidade, sendo: TVs, R\u00e1dios, Jornal, Blogs, Sites, Portais, Pol\u00edticos, Profissionais, entre outros.&nbsp;&nbsp;<\/div>\n<div style=\"text-align: justify;\">\n<\/div>\n<div style=\"text-align: justify;\">\n<\/div>\n<div style=\"text-align: justify;\">\nO Blog do Edvaldo Magalh\u00e3es tem not\u00edcias em tempo real, com detalhes, precis\u00e3o e informa\u00e7\u00f5es 100% confi\u00e1veis. O Blog agradece mais uma vez o prest\u00edgio, a confian\u00e7a, a credibilidade e popularidade. Continuem acessando o Blog do Edvaldo Magalh\u00e3es e ficando bem informado.<\/div>\n<div style=\"text-align: justify;\">\n<\/div>\n<div class=\"separator\" style=\"clear: both; text-align: center;\">\n<a href=\"https:\/\/3.bp.blogspot.com\/-P9cYq1xZw14\/W6Qp6vxbugI\/AAAAAAAA6Wo\/zoknwxOrzKYE_mM3K32nn9_FqvA91tRYACLcBGAs\/s1600\/blog.png\" imageanchor=\"1\" style=\"margin-left: 1em; margin-right: 1em;\"><img loading=\"lazy\" decoding=\"async\" border=\"0\" data-original-height=\"400\" data-original-width=\"1600\" height=\"160\" src=\"http:\/\/blogdoedvaldomagalhaes.com.br\/wp-content\/uploads\/2018\/09\/blog-1.png\" width=\"640\" \/><\/a><\/div>\n<div style=\"text-align: justify;\">\n<\/div>\n<div style=\"text-align: justify;\">\n<\/div>\n","protected":false},"excerpt":{"rendered":"<p>O Blog do Edvaldo Magalh\u00e3es ultrapassou 14 milh\u00f5es de visualiza\u00e7\u00f5es, nesta quinta-feira (20). Estes n\u00fameros s\u00e3o apenas da p\u00e1gina&nbsp; do&hellip;<\/p>\n","protected":false},"author":1,"featured_media":0,"comment_status":"open","ping_status":"open","sticky":false,"template":"","format":"standard","meta":{"footnotes":""},"categories":[1],"tags":[2,1215,6],"class_list":["post-1257","post","type-post","status-publish","format-standard","hentry","category-sem-categoria","tag-blog-do-edvaldo-magalhaes","tag-mais-de-14-milhoes-de-visualizacoes-tem-o-blog-do-edvaldo-magalhaes","tag-noticias"],"_links":{"self":[{"href":"https:\/\/blogdoedvaldomagalhaes.com.br\/index.php\/wp-json\/wp\/v2\/posts\/1257","targetHints":{"allow":["GET"]}}],"collection":[{"href":"https:\/\/blogdoedvaldomagalhaes.com.br\/index.php\/wp-json\/wp\/v2\/posts"}],"about":[{"href":"https:\/\/blogdoedvaldomagalhaes.com.br\/index.php\/wp-json\/wp\/v2\/types\/post"}],"author":[{"embeddable":true,"href":"https:\/\/blogdoedvaldomagalhaes.com.br\/index.php\/wp-json\/wp\/v2\/users\/1"}],"replies":[{"embeddable":true,"href":"https:\/\/blogdoedvaldomagalhaes.com.br\/index.php\/wp-json\/wp\/v2\/comments?post=1257"}],"version-history":[{"count":1,"href":"https:\/\/blogdoedvaldomagalhaes.com.br\/index.php\/wp-json\/wp\/v2\/posts\/1257\/revisions"}],"predecessor-version":[{"id":34218,"href":"https:\/\/blogdoedvaldomagalhaes.com.br\/index.php\/wp-json\/wp\/v2\/posts\/1257\/revisions\/34218"}],"wp:attachment":[{"href":"https:\/\/blogdoedvaldomagalhaes.com.br\/index.php\/wp-json\/wp\/v2\/media?parent=1257"}],"wp:term":[{"taxonomy":"category","embeddable":true,"href":"https:\/\/blogdoedvaldomagalhaes.com.br\/index.php\/wp-json\/wp\/v2\/categories?post=1257"},{"taxonomy":"post_tag","embeddable":true,"href":"https:\/\/blogdoedvaldomagalhaes.com.br\/index.php\/wp-json\/wp\/v2\/tags?post=1257"}],"curies":[{"name":"wp","href":"https:\/\/api.w.org\/{rel}","templated":true}]}}