{"id":1256,"date":"2018-09-21T10:30:00","date_gmt":"2018-09-21T13:30:00","guid":{"rendered":"http:\/\/blogdoedvaldomagalhaes.com.br\/index.php\/2018\/09\/21\/falta-agua-em-caruaru-agrestina-e\/"},"modified":"2019-02-09T02:31:44","modified_gmt":"2019-02-09T04:31:44","slug":"falta-agua-em-caruaru-agrestina-e","status":"publish","type":"post","link":"https:\/\/blogdoedvaldomagalhaes.com.br\/index.php\/2018\/09\/21\/falta-agua-em-caruaru-agrestina-e\/","title":{"rendered":"Falta \u00e1gua em Caruaru, Agrestina e Cachoeirinha devido reparos nos Sistema Prata nesta sexta (21)"},"content":{"rendered":"<div class=\"separator\" style=\"clear: both; text-align: center;\">\n<a href=\"https:\/\/1.bp.blogspot.com\/-yvgJRp9GWo4\/W6TGkRCDzKI\/AAAAAAAA6W4\/Kdo0oKmSBEcQPQIoGrXFtpIXoqH6TA8wgCLcBGAs\/s1600\/barragem.jpg\" imageanchor=\"1\" style=\"margin-left: 1em; margin-right: 1em;\"><img loading=\"lazy\" decoding=\"async\" border=\"0\" data-original-height=\"275\" data-original-width=\"500\" height=\"350\" src=\"http:\/\/blogdoedvaldomagalhaes.com.br\/wp-content\/uploads\/2018\/09\/barragem.jpg\" width=\"640\" \/><\/a><\/div>\n<div class=\"separator\" style=\"clear: both; text-align: center;\">\nFoto: Compesa\/Divulga\u00e7\u00e3o<\/div>\n<div style=\"background-color: white; box-sizing: border-box; line-height: 24px; margin-bottom: 10px; text-align: justify;\">\n<\/div>\n<div style=\"background-color: white; box-sizing: border-box; line-height: 24px; margin-bottom: 10px; text-align: justify;\">\nA Compesa identificou um vazamento em um trecho da Adutora do Prata, localizado na cidade de S\u00e3o Joaquim do Monte. Para executar os servi\u00e7os de reparo na tubula\u00e7\u00e3o, a Companhia precisar\u00e1 paralisar o Sistema do Prata por 24 horas, a partir das 6h da manh\u00e3 desta sexta-feira (21), at\u00e9 \u00e0s 6h deste s\u00e1bado (22).<\/div>\n<div style=\"background-color: white; box-sizing: border-box; line-height: 24px; margin-bottom: 10px; text-align: justify;\">\nDurante a paralisa\u00e7\u00e3o do Sistema Prata haver\u00e1 falta de \u00e1gua&nbsp;em Agrestina e Cachoeirinha. Em Caruaru, haver\u00e1 atraso de um dia no fornecimento de \u00e1gua dos bairros localizados na regi\u00e3o Sul e leste da cidade.<\/div>\n<div style=\"background-color: white; box-sizing: border-box; line-height: 24px; margin-bottom: 10px; text-align: justify;\">\n<strong style=\"box-sizing: border-box;\">Confira os bairros que receber\u00e3o \u00e1gua a partir do s\u00e1bado:<\/strong><\/div>\n<div style=\"background-color: white; box-sizing: border-box; line-height: 24px; margin-bottom: 10px; text-align: justify;\">\nSalgado (parte alta), S\u00e3o Jo\u00e3o da Esc\u00f3cia (parte alta), Monte Carmelo, Lagoa do Algod\u00e3o, Quintas da Colina, Rendeiras (parte baixa), Morada Nova, Serran\u00f3polis, Gon\u00e7alves Ferreira, Inocoop, Cedro, Jardim dos Pinheiros, Monte Sinai, Vila Fernando Lira, Luiz Gonzaga, Jardim dos coqueiros, Jardim dos Alecrins, Jardim dos Ip\u00eas, Portal do Sol, Nossa Senhora das Dores, Centro, Vassoural (parte baixa), Santa Rosa (parte baixa), Indian\u00f3polis, Riach\u00e3o, Alto da Balan\u00e7a, Petr\u00f3polis, Parque 18 de Maio, Jardim Liberdade (Alto da Banana), Residencial Shopping, Favip, Pr\u00e9dios da Brapor, Vassoural (parte alta), Rosan\u00f3polis, UPA, Residencial Alto do Moura, Vista Alegre e Cidade Alta: Encanto da Serra.<\/div>\n","protected":false},"excerpt":{"rendered":"<p>Foto: Compesa\/Divulga\u00e7\u00e3o A Compesa identificou um vazamento em um trecho da Adutora do Prata, localizado na cidade de S\u00e3o Joaquim&hellip;<\/p>\n","protected":false},"author":1,"featured_media":0,"comment_status":"open","ping_status":"open","sticky":false,"template":"","format":"standard","meta":{"footnotes":""},"categories":[1],"tags":[1213,2,1214,6],"class_list":["post-1256","post","type-post","status-publish","format-standard","hentry","category-sem-categoria","tag-agrestina-e-cachoeirinha-devido-reparos-nos-sistema-prata-nesta-sexta-21","tag-blog-do-edvaldo-magalhaes","tag-falta-agua-em-caruaru","tag-noticias"],"_links":{"self":[{"href":"https:\/\/blogdoedvaldomagalhaes.com.br\/index.php\/wp-json\/wp\/v2\/posts\/1256","targetHints":{"allow":["GET"]}}],"collection":[{"href":"https:\/\/blogdoedvaldomagalhaes.com.br\/index.php\/wp-json\/wp\/v2\/posts"}],"about":[{"href":"https:\/\/blogdoedvaldomagalhaes.com.br\/index.php\/wp-json\/wp\/v2\/types\/post"}],"author":[{"embeddable":true,"href":"https:\/\/blogdoedvaldomagalhaes.com.br\/index.php\/wp-json\/wp\/v2\/users\/1"}],"replies":[{"embeddable":true,"href":"https:\/\/blogdoedvaldomagalhaes.com.br\/index.php\/wp-json\/wp\/v2\/comments?post=1256"}],"version-history":[{"count":1,"href":"https:\/\/blogdoedvaldomagalhaes.com.br\/index.php\/wp-json\/wp\/v2\/posts\/1256\/revisions"}],"predecessor-version":[{"id":34220,"href":"https:\/\/blogdoedvaldomagalhaes.com.br\/index.php\/wp-json\/wp\/v2\/posts\/1256\/revisions\/34220"}],"wp:attachment":[{"href":"https:\/\/blogdoedvaldomagalhaes.com.br\/index.php\/wp-json\/wp\/v2\/media?parent=1256"}],"wp:term":[{"taxonomy":"category","embeddable":true,"href":"https:\/\/blogdoedvaldomagalhaes.com.br\/index.php\/wp-json\/wp\/v2\/categories?post=1256"},{"taxonomy":"post_tag","embeddable":true,"href":"https:\/\/blogdoedvaldomagalhaes.com.br\/index.php\/wp-json\/wp\/v2\/tags?post=1256"}],"curies":[{"name":"wp","href":"https:\/\/api.w.org\/{rel}","templated":true}]}}